{"id":8480,"date":"2015-11-01T16:53:49","date_gmt":"2015-11-01T15:53:49","guid":{"rendered":"http:\/\/www.pomniki-przyrody.pl\/?p=8480"},"modified":"2015-11-01T16:53:49","modified_gmt":"2015-11-01T15:53:49","slug":"pomnikowe-lipy-przy-kosciele-pokoju-w-swidnicy","status":"publish","type":"post","link":"https:\/\/www.pomniki-przyrody.pl\/?p=8480","title":{"rendered":"Pomnikowe lipy przy Ko\u015bciele Pokoju w \u015awidnicy."},"content":{"rendered":"<p>Ko\u015bci\u00f3\u0142 Pokoju w \u015awidnicy\u00a0powsta\u0142 na mocy pokoju westfalskiego\u00a0ko\u0144cz\u0105cego wojn\u0119 trzydziestoletni\u0105\u00a01618-1648 r. Zgodnie z tym porozumieniem ewangelicy mogli wznie\u015b\u0107 trzy \u015bwi\u0105tynie:\u00a0w Jaworze, G\u0142ogowie (budowla nie zachowa\u0142a si\u0119) i \u015awidnicy. Pozwolenie by\u0142o surowo obwarowane: ko\u015bci\u00f3\u0142 m\u00f3g\u0142 powsta\u0107 wy\u0142\u0105cznie poza murami miasta,\u00a0bez wie\u017c i dzwonnicy, tylko z nietrwa\u0142ych materia\u0142\u00f3w \u2013 z drewna, piasku, s\u0142omy i gliny, ponadto budowa\u00a0nie mog\u0142a przekroczy\u0107 roku. Prace budowlane przy \u015bwidnickiej \u015bwi\u0105tyni uko\u0144czono w\u00a0w 1657 r.<\/p>\n<p><a href=\"https:\/\/www.pomniki-przyrody.pl\/wp-content\/uploads\/2015\/10\/Ko\u015bci\u00f3\u0142-Pokoju-w-\u015awidnicy-widok-z-boku.jpg\"><img loading=\"lazy\" decoding=\"async\" class=\"aligncenter wp-image-8488 size-full\" title=\"Ko\u015bci\u00f3\u0142 Pokoju w \u015awidnicy - widok z boku\" src=\"https:\/\/www.pomniki-przyrody.pl\/wp-content\/uploads\/2015\/10\/Ko\u015bci\u00f3\u0142-Pokoju-w-\u015awidnicy-widok-z-boku.jpg\" alt=\"\" width=\"1000\" height=\"662\" srcset=\"https:\/\/www.pomniki-przyrody.pl\/wp-content\/uploads\/2015\/10\/Ko\u015bci\u00f3\u0142-Pokoju-w-\u015awidnicy-widok-z-boku.jpg 1000w, https:\/\/www.pomniki-przyrody.pl\/wp-content\/uploads\/2015\/10\/Ko\u015bci\u00f3\u0142-Pokoju-w-\u015awidnicy-widok-z-boku-300x199.jpg 300w, https:\/\/www.pomniki-przyrody.pl\/wp-content\/uploads\/2015\/10\/Ko\u015bci\u00f3\u0142-Pokoju-w-\u015awidnicy-widok-z-boku-453x300.jpg 453w\" sizes=\"auto, (max-width: 1000px) 100vw, 1000px\" \/><\/a><\/p>\n<p>Ko\u015bci\u00f3\u0142 Pokoju w \u015awidnicy s\u0142u\u017cy obecnie\u00a0parafii ewangelicko-augsburskiej, zlokalizowany jest przy ul. Plac Pokoju (wej\u015bcie od ul. Ko\u015bcielnej) i jest udost\u0119pniony do zwiedzania.<\/p>\n<p><a href=\"https:\/\/www.pomniki-przyrody.pl\/wp-content\/uploads\/2015\/10\/otoczenie-Ko\u015bcio\u0142a-Pokoju-w-\u015awidnicy.jpg\"><img loading=\"lazy\" decoding=\"async\" class=\"aligncenter wp-image-8494 size-full\" title=\"otoczenie Ko\u015bcio\u0142a Pokoju w \u015awidnicy\" src=\"https:\/\/www.pomniki-przyrody.pl\/wp-content\/uploads\/2015\/10\/otoczenie-Ko\u015bcio\u0142a-Pokoju-w-\u015awidnicy.jpg\" alt=\"\" width=\"1000\" height=\"662\" srcset=\"https:\/\/www.pomniki-przyrody.pl\/wp-content\/uploads\/2015\/10\/otoczenie-Ko\u015bcio\u0142a-Pokoju-w-\u015awidnicy.jpg 1000w, https:\/\/www.pomniki-przyrody.pl\/wp-content\/uploads\/2015\/10\/otoczenie-Ko\u015bcio\u0142a-Pokoju-w-\u015awidnicy-300x199.jpg 300w, https:\/\/www.pomniki-przyrody.pl\/wp-content\/uploads\/2015\/10\/otoczenie-Ko\u015bcio\u0142a-Pokoju-w-\u015awidnicy-453x300.jpg 453w\" sizes=\"auto, (max-width: 1000px) 100vw, 1000px\" \/><\/a><a href=\"https:\/\/www.pomniki-przyrody.pl\/wp-content\/uploads\/2015\/10\/Ko\u015bci\u00f3\u0142-Pokoju-w-\u015awidnicy.jpg\"><img loading=\"lazy\" decoding=\"async\" class=\"aligncenter wp-image-8490 size-full\" title=\"Ko\u015bci\u00f3\u0142 Pokoju w \u015awidnicy\" src=\"https:\/\/www.pomniki-przyrody.pl\/wp-content\/uploads\/2015\/10\/Ko\u015bci\u00f3\u0142-Pokoju-w-\u015awidnicy.jpg\" alt=\"\" width=\"900\" height=\"675\" srcset=\"https:\/\/www.pomniki-przyrody.pl\/wp-content\/uploads\/2015\/10\/Ko\u015bci\u00f3\u0142-Pokoju-w-\u015awidnicy.jpg 900w, https:\/\/www.pomniki-przyrody.pl\/wp-content\/uploads\/2015\/10\/Ko\u015bci\u00f3\u0142-Pokoju-w-\u015awidnicy-300x225.jpg 300w, https:\/\/www.pomniki-przyrody.pl\/wp-content\/uploads\/2015\/10\/Ko\u015bci\u00f3\u0142-Pokoju-w-\u015awidnicy-400x300.jpg 400w\" sizes=\"auto, (max-width: 900px) 100vw, 900px\" \/><\/a><a href=\"https:\/\/www.pomniki-przyrody.pl\/wp-content\/uploads\/2015\/10\/Ko\u015bci\u00f3\u0142-Pokoju.jpg\"><img loading=\"lazy\" decoding=\"async\" class=\"aligncenter wp-image-8491 size-full\" title=\"Ko\u015bci\u00f3\u0142 Pokoju\" src=\"https:\/\/www.pomniki-przyrody.pl\/wp-content\/uploads\/2015\/10\/Ko\u015bci\u00f3\u0142-Pokoju.jpg\" alt=\"\" width=\"900\" height=\"596\" srcset=\"https:\/\/www.pomniki-przyrody.pl\/wp-content\/uploads\/2015\/10\/Ko\u015bci\u00f3\u0142-Pokoju.jpg 900w, https:\/\/www.pomniki-przyrody.pl\/wp-content\/uploads\/2015\/10\/Ko\u015bci\u00f3\u0142-Pokoju-300x199.jpg 300w, https:\/\/www.pomniki-przyrody.pl\/wp-content\/uploads\/2015\/10\/Ko\u015bci\u00f3\u0142-Pokoju-453x300.jpg 453w\" sizes=\"auto, (max-width: 900px) 100vw, 900px\" \/> <\/a>Z zewn\u0105trz ko\u015bci\u00f3\u0142 imponuje wielko\u015bci\u0105, wn\u0119trza zachwycaj\u0105 zdobieniami, przepychem i kolorami.<\/p>\n<p><a href=\"https:\/\/www.pomniki-przyrody.pl\/wp-content\/uploads\/2015\/10\/o\u0142tarz-w-Ko\u015bciele-Pokoju-w-\u015awidnicy.jpg\"><img loading=\"lazy\" decoding=\"async\" class=\"aligncenter wp-image-8493 size-full\" title=\"o\u0142tarz w Ko\u015bciele Pokoju w \u015awidnicy\" src=\"https:\/\/www.pomniki-przyrody.pl\/wp-content\/uploads\/2015\/10\/o\u0142tarz-w-Ko\u015bciele-Pokoju-w-\u015awidnicy.jpg\" alt=\"\" width=\"1000\" height=\"662\" srcset=\"https:\/\/www.pomniki-przyrody.pl\/wp-content\/uploads\/2015\/10\/o\u0142tarz-w-Ko\u015bciele-Pokoju-w-\u015awidnicy.jpg 1000w, https:\/\/www.pomniki-przyrody.pl\/wp-content\/uploads\/2015\/10\/o\u0142tarz-w-Ko\u015bciele-Pokoju-w-\u015awidnicy-300x199.jpg 300w, https:\/\/www.pomniki-przyrody.pl\/wp-content\/uploads\/2015\/10\/o\u0142tarz-w-Ko\u015bciele-Pokoju-w-\u015awidnicy-453x300.jpg 453w\" sizes=\"auto, (max-width: 1000px) 100vw, 1000px\" \/><\/a><a href=\"https:\/\/www.pomniki-przyrody.pl\/wp-content\/uploads\/2015\/10\/Ko\u015bci\u00f3\u0142-Pokoju-w-\u015awidnicy-wn\u0119trze.jpg\"><img loading=\"lazy\" decoding=\"async\" class=\"aligncenter wp-image-8489 size-full\" title=\"Ko\u015bci\u00f3\u0142 Pokoju w \u015awidnicy - wn\u0119trze\" src=\"https:\/\/www.pomniki-przyrody.pl\/wp-content\/uploads\/2015\/10\/Ko\u015bci\u00f3\u0142-Pokoju-w-\u015awidnicy-wn\u0119trze.jpg\" alt=\"\" width=\"1000\" height=\"662\" srcset=\"https:\/\/www.pomniki-przyrody.pl\/wp-content\/uploads\/2015\/10\/Ko\u015bci\u00f3\u0142-Pokoju-w-\u015awidnicy-wn\u0119trze.jpg 1000w, https:\/\/www.pomniki-przyrody.pl\/wp-content\/uploads\/2015\/10\/Ko\u015bci\u00f3\u0142-Pokoju-w-\u015awidnicy-wn\u0119trze-300x199.jpg 300w, https:\/\/www.pomniki-przyrody.pl\/wp-content\/uploads\/2015\/10\/Ko\u015bci\u00f3\u0142-Pokoju-w-\u015awidnicy-wn\u0119trze-453x300.jpg 453w\" sizes=\"auto, (max-width: 1000px) 100vw, 1000px\" \/><\/a><\/p>\n<p>Teren wok\u00f3\u0142 ko\u015bcio\u0142a zajmuje zabytkowy cmentarz. Atmosfer\u0119 spokoju i refleksji buduj\u0105 stare nagrobki i kaplice, d\u0142ugowieczne cisy i oplecione bluszczem drzewa.<\/p>\n<p><a href=\"https:\/\/www.pomniki-przyrody.pl\/wp-content\/uploads\/2015\/10\/teren-cmentarza-przy-Ko\u015bciele-Pokoju-w-\u015awidnicy.jpg\"><img loading=\"lazy\" decoding=\"async\" class=\"aligncenter wp-image-8510 size-full\" title=\"teren cmentarza przy Ko\u015bciele Pokoju w \u015awidnicy\" src=\"https:\/\/www.pomniki-przyrody.pl\/wp-content\/uploads\/2015\/10\/teren-cmentarza-przy-Ko\u015bciele-Pokoju-w-\u015awidnicy.jpg\" alt=\"\" width=\"900\" height=\"596\" srcset=\"https:\/\/www.pomniki-przyrody.pl\/wp-content\/uploads\/2015\/10\/teren-cmentarza-przy-Ko\u015bciele-Pokoju-w-\u015awidnicy.jpg 900w, https:\/\/www.pomniki-przyrody.pl\/wp-content\/uploads\/2015\/10\/teren-cmentarza-przy-Ko\u015bciele-Pokoju-w-\u015awidnicy-300x199.jpg 300w, https:\/\/www.pomniki-przyrody.pl\/wp-content\/uploads\/2015\/10\/teren-cmentarza-przy-Ko\u015bciele-Pokoju-w-\u015awidnicy-453x300.jpg 453w\" sizes=\"auto, (max-width: 900px) 100vw, 900px\" \/><\/a><a href=\"https:\/\/www.pomniki-przyrody.pl\/wp-content\/uploads\/2015\/10\/p\u0142yty-nagrobne-na-terenie-cmentarza-ewangelickiego.jpg\"><img loading=\"lazy\" decoding=\"async\" class=\"aligncenter wp-image-8499 size-full\" title=\"p\u0142yty nagrobne na terenie cmentarza ewangelickiego\" src=\"https:\/\/www.pomniki-przyrody.pl\/wp-content\/uploads\/2015\/10\/p\u0142yty-nagrobne-na-terenie-cmentarza-ewangelickiego.jpg\" alt=\"\" width=\"900\" height=\"596\" srcset=\"https:\/\/www.pomniki-przyrody.pl\/wp-content\/uploads\/2015\/10\/p\u0142yty-nagrobne-na-terenie-cmentarza-ewangelickiego.jpg 900w, https:\/\/www.pomniki-przyrody.pl\/wp-content\/uploads\/2015\/10\/p\u0142yty-nagrobne-na-terenie-cmentarza-ewangelickiego-300x199.jpg 300w, https:\/\/www.pomniki-przyrody.pl\/wp-content\/uploads\/2015\/10\/p\u0142yty-nagrobne-na-terenie-cmentarza-ewangelickiego-453x300.jpg 453w\" sizes=\"auto, (max-width: 900px) 100vw, 900px\" \/><\/a><a href=\"https:\/\/www.pomniki-przyrody.pl\/wp-content\/uploads\/2015\/10\/cmentarz-przy-Ko\u015bciele-Pokoju-w-\u015awidnicy.jpg\"><img loading=\"lazy\" decoding=\"async\" class=\"aligncenter wp-image-8484 size-full\" title=\"cmentarz przy Ko\u015bciele Pokoju w \u015awidnicy\" src=\"https:\/\/www.pomniki-przyrody.pl\/wp-content\/uploads\/2015\/10\/cmentarz-przy-Ko\u015bciele-Pokoju-w-\u015awidnicy.jpg\" alt=\"\" width=\"900\" height=\"675\" srcset=\"https:\/\/www.pomniki-przyrody.pl\/wp-content\/uploads\/2015\/10\/cmentarz-przy-Ko\u015bciele-Pokoju-w-\u015awidnicy.jpg 900w, https:\/\/www.pomniki-przyrody.pl\/wp-content\/uploads\/2015\/10\/cmentarz-przy-Ko\u015bciele-Pokoju-w-\u015awidnicy-300x225.jpg 300w, https:\/\/www.pomniki-przyrody.pl\/wp-content\/uploads\/2015\/10\/cmentarz-przy-Ko\u015bciele-Pokoju-w-\u015awidnicy-400x300.jpg 400w\" sizes=\"auto, (max-width: 900px) 100vw, 900px\" \/><\/a><\/p>\n<p>W drzewostanie cmentarza wyr\u00f3\u017cniaj\u0105 si\u0119 r\u00f3wnie\u017c wiekowe lipy drobnolistne, <strong>15<\/strong> z nich uznano za <strong>pomniki przyrody<\/strong>. Szpaler okaza\u0142ych lip towarzyszy nam od bramy do samego ko\u015bcio\u0142a.<a href=\"https:\/\/www.pomniki-przyrody.pl\/wp-content\/uploads\/2015\/10\/szpaler-pomnikowych-lip-przy-Ko\u015bciele-Pokoju-w-\u015awidnicy.jpg\"><img loading=\"lazy\" decoding=\"async\" class=\"aligncenter wp-image-8506 size-full\" title=\"szpaler pomnikowych lip przy Ko\u015bciele Pokoju w \u015awidnicy\" src=\"https:\/\/www.pomniki-przyrody.pl\/wp-content\/uploads\/2015\/10\/szpaler-pomnikowych-lip-przy-Ko\u015bciele-Pokoju-w-\u015awidnicy.jpg\" alt=\"\" width=\"596\" height=\"900\" srcset=\"https:\/\/www.pomniki-przyrody.pl\/wp-content\/uploads\/2015\/10\/szpaler-pomnikowych-lip-przy-Ko\u015bciele-Pokoju-w-\u015awidnicy.jpg 596w, https:\/\/www.pomniki-przyrody.pl\/wp-content\/uploads\/2015\/10\/szpaler-pomnikowych-lip-przy-Ko\u015bciele-Pokoju-w-\u015awidnicy-199x300.jpg 199w\" sizes=\"auto, (max-width: 596px) 100vw, 596px\" \/><\/a><a href=\"https:\/\/www.pomniki-przyrody.pl\/wp-content\/uploads\/2015\/10\/szpaler-pomnikowych-lip-przy-Ko\u015bciele-Pokoju.jpg\"><img loading=\"lazy\" decoding=\"async\" class=\"aligncenter wp-image-8507 size-full\" title=\"szpaler pomnikowych lip przy Ko\u015bciele Pokoju\" src=\"https:\/\/www.pomniki-przyrody.pl\/wp-content\/uploads\/2015\/10\/szpaler-pomnikowych-lip-przy-Ko\u015bciele-Pokoju.jpg\" alt=\"\" width=\"900\" height=\"596\" srcset=\"https:\/\/www.pomniki-przyrody.pl\/wp-content\/uploads\/2015\/10\/szpaler-pomnikowych-lip-przy-Ko\u015bciele-Pokoju.jpg 900w, https:\/\/www.pomniki-przyrody.pl\/wp-content\/uploads\/2015\/10\/szpaler-pomnikowych-lip-przy-Ko\u015bciele-Pokoju-300x199.jpg 300w, https:\/\/www.pomniki-przyrody.pl\/wp-content\/uploads\/2015\/10\/szpaler-pomnikowych-lip-przy-Ko\u015bciele-Pokoju-453x300.jpg 453w\" sizes=\"auto, (max-width: 900px) 100vw, 900px\" \/><\/a><a href=\"https:\/\/www.pomniki-przyrody.pl\/wp-content\/uploads\/2015\/10\/szpaler-pomnikowych-lip-w-\u015awidnicy.jpg\"><img loading=\"lazy\" decoding=\"async\" class=\"aligncenter wp-image-8508 size-full\" title=\"szpaler pomnikowych lip w \u015awidnicy\" src=\"https:\/\/www.pomniki-przyrody.pl\/wp-content\/uploads\/2015\/10\/szpaler-pomnikowych-lip-w-\u015awidnicy.jpg\" alt=\"\" width=\"698\" height=\"920\" srcset=\"https:\/\/www.pomniki-przyrody.pl\/wp-content\/uploads\/2015\/10\/szpaler-pomnikowych-lip-w-\u015awidnicy.jpg 698w, https:\/\/www.pomniki-przyrody.pl\/wp-content\/uploads\/2015\/10\/szpaler-pomnikowych-lip-w-\u015awidnicy-228x300.jpg 228w\" sizes=\"auto, (max-width: 698px) 100vw, 698px\" \/><\/a><a href=\"https:\/\/www.pomniki-przyrody.pl\/wp-content\/uploads\/2015\/10\/okaza\u0142a-lipa-przy-Ko\u015bciele-Pokoju-w-\u015awidnicy.jpg\"><img loading=\"lazy\" decoding=\"async\" class=\"aligncenter wp-image-8492 size-full\" title=\"okaza\u0142a lipa przy Ko\u015bciele Pokoju w \u015awidnicy\" src=\"https:\/\/www.pomniki-przyrody.pl\/wp-content\/uploads\/2015\/10\/okaza\u0142a-lipa-przy-Ko\u015bciele-Pokoju-w-\u015awidnicy.jpg\" alt=\"\" width=\"900\" height=\"596\" srcset=\"https:\/\/www.pomniki-przyrody.pl\/wp-content\/uploads\/2015\/10\/okaza\u0142a-lipa-przy-Ko\u015bciele-Pokoju-w-\u015awidnicy.jpg 900w, https:\/\/www.pomniki-przyrody.pl\/wp-content\/uploads\/2015\/10\/okaza\u0142a-lipa-przy-Ko\u015bciele-Pokoju-w-\u015awidnicy-300x199.jpg 300w, https:\/\/www.pomniki-przyrody.pl\/wp-content\/uploads\/2015\/10\/okaza\u0142a-lipa-przy-Ko\u015bciele-Pokoju-w-\u015awidnicy-453x300.jpg 453w\" sizes=\"auto, (max-width: 900px) 100vw, 900px\" \/><\/a><\/p>\n<p>Pomnikowe lipy rosn\u0105 te\u017c w bezpo\u015brednim s\u0105siedztwie \u015bwi\u0105tyni.<\/p>\n<p><a href=\"https:\/\/www.pomniki-przyrody.pl\/wp-content\/uploads\/2015\/10\/pomnikowa-lipa-przy-Ko\u015bciele-Pokoju.jpg\"><img loading=\"lazy\" decoding=\"async\" class=\"aligncenter wp-image-8502 size-full\" title=\"pomnikowa lipa przy Ko\u015bciele Pokoju\" src=\"https:\/\/www.pomniki-przyrody.pl\/wp-content\/uploads\/2015\/10\/pomnikowa-lipa-przy-Ko\u015bciele-Pokoju.jpg\" alt=\"\" width=\"675\" height=\"900\" srcset=\"https:\/\/www.pomniki-przyrody.pl\/wp-content\/uploads\/2015\/10\/pomnikowa-lipa-przy-Ko\u015bciele-Pokoju.jpg 675w, https:\/\/www.pomniki-przyrody.pl\/wp-content\/uploads\/2015\/10\/pomnikowa-lipa-przy-Ko\u015bciele-Pokoju-225x300.jpg 225w\" sizes=\"auto, (max-width: 675px) 100vw, 675px\" \/><\/a><a href=\"https:\/\/www.pomniki-przyrody.pl\/wp-content\/uploads\/2015\/10\/pomnikowa-lipa-przy-Ko\u015bciele-Pokoju-zim\u0105.jpg\"><img loading=\"lazy\" decoding=\"async\" class=\"aligncenter wp-image-8501 size-full\" title=\"pomnikowa lipa przy Ko\u015bciele Pokoju zim\u0105\" src=\"https:\/\/www.pomniki-przyrody.pl\/wp-content\/uploads\/2015\/10\/pomnikowa-lipa-przy-Ko\u015bciele-Pokoju-zim\u0105.jpg\" alt=\"\" width=\"622\" height=\"900\" srcset=\"https:\/\/www.pomniki-przyrody.pl\/wp-content\/uploads\/2015\/10\/pomnikowa-lipa-przy-Ko\u015bciele-Pokoju-zim\u0105.jpg 622w, https:\/\/www.pomniki-przyrody.pl\/wp-content\/uploads\/2015\/10\/pomnikowa-lipa-przy-Ko\u015bciele-Pokoju-zim\u0105-207x300.jpg 207w\" sizes=\"auto, (max-width: 622px) 100vw, 622px\" \/><\/a><a href=\"https:\/\/www.pomniki-przyrody.pl\/wp-content\/uploads\/2015\/10\/jedna-z-pomnikowych-lip-przy-Ko\u015bciele-Pokoju-w-\u015awidnicy.jpg\"><img loading=\"lazy\" decoding=\"async\" class=\"aligncenter wp-image-8486 size-full\" title=\"jedna z pomnikowych lip przy Ko\u015bciele Pokoju w \u015awidnicy\" src=\"https:\/\/www.pomniki-przyrody.pl\/wp-content\/uploads\/2015\/10\/jedna-z-pomnikowych-lip-przy-Ko\u015bciele-Pokoju-w-\u015awidnicy.jpg\" alt=\"\" width=\"596\" height=\"900\" srcset=\"https:\/\/www.pomniki-przyrody.pl\/wp-content\/uploads\/2015\/10\/jedna-z-pomnikowych-lip-przy-Ko\u015bciele-Pokoju-w-\u015awidnicy.jpg 596w, https:\/\/www.pomniki-przyrody.pl\/wp-content\/uploads\/2015\/10\/jedna-z-pomnikowych-lip-przy-Ko\u015bciele-Pokoju-w-\u015awidnicy-199x300.jpg 199w\" sizes=\"auto, (max-width: 596px) 100vw, 596px\" \/><\/a><a href=\"https:\/\/www.pomniki-przyrody.pl\/wp-content\/uploads\/2015\/10\/pie\u0144-pomnikowej-lipy-teren-wok\u00f3\u0142-Ko\u015bcio\u0142a-Pokoju.jpg\"><img loading=\"lazy\" decoding=\"async\" class=\"aligncenter wp-image-8498 size-full\" title=\"pie\u0144 pomnikowej lipy - teren wok\u00f3\u0142 Ko\u015bcio\u0142a Pokoju\" src=\"https:\/\/www.pomniki-przyrody.pl\/wp-content\/uploads\/2015\/10\/pie\u0144-pomnikowej-lipy-teren-wok\u00f3\u0142-Ko\u015bcio\u0142a-Pokoju.jpg\" alt=\"\" width=\"596\" height=\"900\" srcset=\"https:\/\/www.pomniki-przyrody.pl\/wp-content\/uploads\/2015\/10\/pie\u0144-pomnikowej-lipy-teren-wok\u00f3\u0142-Ko\u015bcio\u0142a-Pokoju.jpg 596w, https:\/\/www.pomniki-przyrody.pl\/wp-content\/uploads\/2015\/10\/pie\u0144-pomnikowej-lipy-teren-wok\u00f3\u0142-Ko\u015bcio\u0142a-Pokoju-199x300.jpg 199w\" sizes=\"auto, (max-width: 596px) 100vw, 596px\" \/><\/a><a href=\"https:\/\/www.pomniki-przyrody.pl\/wp-content\/uploads\/2015\/10\/pomnikowa-lipa-cmentarz-wok\u00f3\u0142-Ko\u015bcio\u0142a-Pokoju.jpg\"><img loading=\"lazy\" decoding=\"async\" class=\"aligncenter wp-image-8500 size-full\" title=\"pomnikowa lipa - cmentarz wok\u00f3\u0142 Ko\u015bcio\u0142a Pokoju\" src=\"https:\/\/www.pomniki-przyrody.pl\/wp-content\/uploads\/2015\/10\/pomnikowa-lipa-cmentarz-wok\u00f3\u0142-Ko\u015bcio\u0142a-Pokoju.jpg\" alt=\"\" width=\"596\" height=\"900\" srcset=\"https:\/\/www.pomniki-przyrody.pl\/wp-content\/uploads\/2015\/10\/pomnikowa-lipa-cmentarz-wok\u00f3\u0142-Ko\u015bcio\u0142a-Pokoju.jpg 596w, https:\/\/www.pomniki-przyrody.pl\/wp-content\/uploads\/2015\/10\/pomnikowa-lipa-cmentarz-wok\u00f3\u0142-Ko\u015bcio\u0142a-Pokoju-199x300.jpg 199w\" sizes=\"auto, (max-width: 596px) 100vw, 596px\" \/><\/a><a href=\"https:\/\/www.pomniki-przyrody.pl\/wp-content\/uploads\/2015\/10\/pomnikowe-lipy-przy-bramie-Ko\u015bcio\u0142a-Pokoju.jpg\"><img loading=\"lazy\" decoding=\"async\" class=\"aligncenter wp-image-8503 size-full\" title=\"pomnikowe lipy przy bramie Ko\u015bcio\u0142a Pokoju\" src=\"https:\/\/www.pomniki-przyrody.pl\/wp-content\/uploads\/2015\/10\/pomnikowe-lipy-przy-bramie-Ko\u015bcio\u0142a-Pokoju.jpg\" alt=\"\" width=\"596\" height=\"863\" srcset=\"https:\/\/www.pomniki-przyrody.pl\/wp-content\/uploads\/2015\/10\/pomnikowe-lipy-przy-bramie-Ko\u015bcio\u0142a-Pokoju.jpg 596w, https:\/\/www.pomniki-przyrody.pl\/wp-content\/uploads\/2015\/10\/pomnikowe-lipy-przy-bramie-Ko\u015bcio\u0142a-Pokoju-207x300.jpg 207w\" sizes=\"auto, (max-width: 596px) 100vw, 596px\" \/><\/a><\/p>\n<p>Kilka pomnikowych lip znajdziemy przy dzwonnicy.<\/p>\n<p><a href=\"https:\/\/www.pomniki-przyrody.pl\/wp-content\/uploads\/2015\/10\/grupa-pomnikowych-lip-przy-Ko\u015bciele-Pokoju-w-\u015awidnicy.jpg\"><img loading=\"lazy\" decoding=\"async\" class=\"aligncenter wp-image-8485 size-full\" title=\"grupa pomnikowych lip przy Ko\u015bciele Pokoju w \u015awidnicy\" src=\"https:\/\/www.pomniki-przyrody.pl\/wp-content\/uploads\/2015\/10\/grupa-pomnikowych-lip-przy-Ko\u015bciele-Pokoju-w-\u015awidnicy.jpg\" alt=\"\" width=\"900\" height=\"596\" srcset=\"https:\/\/www.pomniki-przyrody.pl\/wp-content\/uploads\/2015\/10\/grupa-pomnikowych-lip-przy-Ko\u015bciele-Pokoju-w-\u015awidnicy.jpg 900w, https:\/\/www.pomniki-przyrody.pl\/wp-content\/uploads\/2015\/10\/grupa-pomnikowych-lip-przy-Ko\u015bciele-Pokoju-w-\u015awidnicy-300x199.jpg 300w, https:\/\/www.pomniki-przyrody.pl\/wp-content\/uploads\/2015\/10\/grupa-pomnikowych-lip-przy-Ko\u015bciele-Pokoju-w-\u015awidnicy-453x300.jpg 453w\" sizes=\"auto, (max-width: 900px) 100vw, 900px\" \/><\/a><a href=\"https:\/\/www.pomniki-przyrody.pl\/wp-content\/uploads\/2015\/10\/jedna-z-wielu-pomnikowych-lip-przy-Ko\u015bciele-Pokoju.jpg\"><img loading=\"lazy\" decoding=\"async\" class=\"aligncenter wp-image-8487 size-full\" title=\"jedna z wielu pomnikowych lip przy Ko\u015bciele Pokoju\" src=\"https:\/\/www.pomniki-przyrody.pl\/wp-content\/uploads\/2015\/10\/jedna-z-wielu-pomnikowych-lip-przy-Ko\u015bciele-Pokoju.jpg\" alt=\"\" width=\"675\" height=\"900\" srcset=\"https:\/\/www.pomniki-przyrody.pl\/wp-content\/uploads\/2015\/10\/jedna-z-wielu-pomnikowych-lip-przy-Ko\u015bciele-Pokoju.jpg 675w, https:\/\/www.pomniki-przyrody.pl\/wp-content\/uploads\/2015\/10\/jedna-z-wielu-pomnikowych-lip-przy-Ko\u015bciele-Pokoju-225x300.jpg 225w\" sizes=\"auto, (max-width: 675px) 100vw, 675px\" \/><\/a><a href=\"https:\/\/www.pomniki-przyrody.pl\/wp-content\/uploads\/2015\/10\/pie\u0144-pomnikowej-lipy-Ko\u015bci\u00f3\u0142-Pokoju.jpg\"><img loading=\"lazy\" decoding=\"async\" class=\"aligncenter wp-image-8497 size-full\" title=\"pie\u0144 pomnikowej lipy - Ko\u015bci\u00f3\u0142 Pokoju\" src=\"https:\/\/www.pomniki-przyrody.pl\/wp-content\/uploads\/2015\/10\/pie\u0144-pomnikowej-lipy-Ko\u015bci\u00f3\u0142-Pokoju.jpg\" alt=\"\" width=\"675\" height=\"900\" srcset=\"https:\/\/www.pomniki-przyrody.pl\/wp-content\/uploads\/2015\/10\/pie\u0144-pomnikowej-lipy-Ko\u015bci\u00f3\u0142-Pokoju.jpg 675w, https:\/\/www.pomniki-przyrody.pl\/wp-content\/uploads\/2015\/10\/pie\u0144-pomnikowej-lipy-Ko\u015bci\u00f3\u0142-Pokoju-225x300.jpg 225w\" sizes=\"auto, (max-width: 675px) 100vw, 675px\" \/><\/a><a href=\"https:\/\/www.pomniki-przyrody.pl\/wp-content\/uploads\/2015\/10\/cmentarz-przy-Ko\u015bciele-Pokoju-w-\u015awidnicy-pomnikowa-lipa.jpg\"><img loading=\"lazy\" decoding=\"async\" class=\"aligncenter wp-image-8483 size-full\" title=\"cmentarz przy Ko\u015bciele Pokoju w \u015awidnicy - pomnikowa lipa\" src=\"https:\/\/www.pomniki-przyrody.pl\/wp-content\/uploads\/2015\/10\/cmentarz-przy-Ko\u015bciele-Pokoju-w-\u015awidnicy-pomnikowa-lipa.jpg\" alt=\"\" width=\"675\" height=\"900\" srcset=\"https:\/\/www.pomniki-przyrody.pl\/wp-content\/uploads\/2015\/10\/cmentarz-przy-Ko\u015bciele-Pokoju-w-\u015awidnicy-pomnikowa-lipa.jpg 675w, https:\/\/www.pomniki-przyrody.pl\/wp-content\/uploads\/2015\/10\/cmentarz-przy-Ko\u015bciele-Pokoju-w-\u015awidnicy-pomnikowa-lipa-225x300.jpg 225w\" sizes=\"auto, (max-width: 675px) 100vw, 675px\" \/><\/a><a href=\"https:\/\/www.pomniki-przyrody.pl\/wp-content\/uploads\/2015\/10\/cmentarz-przy-Ko\u015bciele-Pokoju-pomnikowa-lipa.jpg\"><img loading=\"lazy\" decoding=\"async\" class=\"aligncenter wp-image-8482 size-full\" title=\"cmentarz przy Ko\u015bciele Pokoju - pomnikowa lipa\" src=\"https:\/\/www.pomniki-przyrody.pl\/wp-content\/uploads\/2015\/10\/cmentarz-przy-Ko\u015bciele-Pokoju-pomnikowa-lipa.jpg\" alt=\"\" width=\"675\" height=\"900\" srcset=\"https:\/\/www.pomniki-przyrody.pl\/wp-content\/uploads\/2015\/10\/cmentarz-przy-Ko\u015bciele-Pokoju-pomnikowa-lipa.jpg 675w, https:\/\/www.pomniki-przyrody.pl\/wp-content\/uploads\/2015\/10\/cmentarz-przy-Ko\u015bciele-Pokoju-pomnikowa-lipa-225x300.jpg 225w\" sizes=\"auto, (max-width: 675px) 100vw, 675px\" \/><\/a><\/p>\n<p>Niezwyk\u0142\u0105 ciekawostk\u0105 jest rosn\u0105cy tu <strong>cedr<\/strong>. To rzadko spotykane w Polsce drzewo intensywnie rodzi charakterystyczne szyszki.<\/p>\n<p><a href=\"https:\/\/www.pomniki-przyrody.pl\/wp-content\/uploads\/2015\/10\/cedr-przy-Ko\u015bciele-Pokoju-w-\u015awidnicy.jpg\"><img loading=\"lazy\" decoding=\"async\" class=\"aligncenter wp-image-8481 size-full\" title=\"cedr przy Ko\u015bciele Pokoju w \u015awidnicy\" src=\"https:\/\/www.pomniki-przyrody.pl\/wp-content\/uploads\/2015\/10\/cedr-przy-Ko\u015bciele-Pokoju-w-\u015awidnicy.jpg\" alt=\"\" width=\"596\" height=\"900\" srcset=\"https:\/\/www.pomniki-przyrody.pl\/wp-content\/uploads\/2015\/10\/cedr-przy-Ko\u015bciele-Pokoju-w-\u015awidnicy.jpg 596w, https:\/\/www.pomniki-przyrody.pl\/wp-content\/uploads\/2015\/10\/cedr-przy-Ko\u015bciele-Pokoju-w-\u015awidnicy-199x300.jpg 199w\" sizes=\"auto, (max-width: 596px) 100vw, 596px\" \/><\/a><a href=\"https:\/\/www.pomniki-przyrody.pl\/wp-content\/uploads\/2015\/10\/pie\u0144-cedru.jpg\"><img loading=\"lazy\" decoding=\"async\" class=\"aligncenter wp-image-8495 size-full\" title=\"pie\u0144 cedru\" src=\"https:\/\/www.pomniki-przyrody.pl\/wp-content\/uploads\/2015\/10\/pie\u0144-cedru.jpg\" alt=\"\" width=\"675\" height=\"900\" srcset=\"https:\/\/www.pomniki-przyrody.pl\/wp-content\/uploads\/2015\/10\/pie\u0144-cedru.jpg 675w, https:\/\/www.pomniki-przyrody.pl\/wp-content\/uploads\/2015\/10\/pie\u0144-cedru-225x300.jpg 225w\" sizes=\"auto, (max-width: 675px) 100vw, 675px\" \/><\/a><a href=\"https:\/\/www.pomniki-przyrody.pl\/wp-content\/uploads\/2015\/10\/szyszki-cedru.jpg\"><img loading=\"lazy\" decoding=\"async\" class=\"aligncenter wp-image-8509 size-full\" title=\"szyszki cedru\" src=\"https:\/\/www.pomniki-przyrody.pl\/wp-content\/uploads\/2015\/10\/szyszki-cedru.jpg\" alt=\"\" width=\"800\" height=\"600\" srcset=\"https:\/\/www.pomniki-przyrody.pl\/wp-content\/uploads\/2015\/10\/szyszki-cedru.jpg 800w, https:\/\/www.pomniki-przyrody.pl\/wp-content\/uploads\/2015\/10\/szyszki-cedru-300x225.jpg 300w, https:\/\/www.pomniki-przyrody.pl\/wp-content\/uploads\/2015\/10\/szyszki-cedru-400x300.jpg 400w\" sizes=\"auto, (max-width: 800px) 100vw, 800px\" \/><\/a><\/p>\n<p>Na terenie przyko\u015bcielnym ro\u015bnie jeszcze pomnikowy cis pospolity. Znajdziemy go na ogr\u00f3dku restauracji Baroccafe.<\/p>\n<p><a href=\"https:\/\/www.pomniki-przyrody.pl\/wp-content\/uploads\/2015\/10\/pomnikowy-cis-przy-ogrodzeniu-Ko\u015bcio\u0142a-Pokoju-w-\u015awidnicy.jpg\"><img loading=\"lazy\" decoding=\"async\" class=\"aligncenter wp-image-8504 size-full\" title=\"pomnikowy cis przy ogrodzeniu Ko\u015bcio\u0142a Pokoju w \u015awidnicy\" src=\"https:\/\/www.pomniki-przyrody.pl\/wp-content\/uploads\/2015\/10\/pomnikowy-cis-przy-ogrodzeniu-Ko\u015bcio\u0142a-Pokoju-w-\u015awidnicy.jpg\" alt=\"\" width=\"900\" height=\"685\" srcset=\"https:\/\/www.pomniki-przyrody.pl\/wp-content\/uploads\/2015\/10\/pomnikowy-cis-przy-ogrodzeniu-Ko\u015bcio\u0142a-Pokoju-w-\u015awidnicy.jpg 900w, https:\/\/www.pomniki-przyrody.pl\/wp-content\/uploads\/2015\/10\/pomnikowy-cis-przy-ogrodzeniu-Ko\u015bcio\u0142a-Pokoju-w-\u015awidnicy-300x228.jpg 300w, https:\/\/www.pomniki-przyrody.pl\/wp-content\/uploads\/2015\/10\/pomnikowy-cis-przy-ogrodzeniu-Ko\u015bcio\u0142a-Pokoju-w-\u015awidnicy-394x300.jpg 394w\" sizes=\"auto, (max-width: 900px) 100vw, 900px\" \/><\/a><a href=\"https:\/\/www.pomniki-przyrody.pl\/wp-content\/uploads\/2015\/10\/pomnikowy-cis-w-pobli\u017cu-Ko\u015bcio\u0142a-Pokoju-w-\u015awidnicy.jpg\"><img loading=\"lazy\" decoding=\"async\" class=\"aligncenter wp-image-8505 size-full\" title=\"pomnikowy cis w pobli\u017cu Ko\u015bcio\u0142a Pokoju w \u015awidnicy\" src=\"https:\/\/www.pomniki-przyrody.pl\/wp-content\/uploads\/2015\/10\/pomnikowy-cis-w-pobli\u017cu-Ko\u015bcio\u0142a-Pokoju-w-\u015awidnicy.jpg\" alt=\"\" width=\"900\" height=\"596\" srcset=\"https:\/\/www.pomniki-przyrody.pl\/wp-content\/uploads\/2015\/10\/pomnikowy-cis-w-pobli\u017cu-Ko\u015bcio\u0142a-Pokoju-w-\u015awidnicy.jpg 900w, https:\/\/www.pomniki-przyrody.pl\/wp-content\/uploads\/2015\/10\/pomnikowy-cis-w-pobli\u017cu-Ko\u015bcio\u0142a-Pokoju-w-\u015awidnicy-300x199.jpg 300w, https:\/\/www.pomniki-przyrody.pl\/wp-content\/uploads\/2015\/10\/pomnikowy-cis-w-pobli\u017cu-Ko\u015bcio\u0142a-Pokoju-w-\u015awidnicy-453x300.jpg 453w\" sizes=\"auto, (max-width: 900px) 100vw, 900px\" \/><\/a><a href=\"https:\/\/www.pomniki-przyrody.pl\/wp-content\/uploads\/2015\/10\/pie\u0144-cisa-przy-Ko\u015bciele-Pokoju.jpg\"><img loading=\"lazy\" decoding=\"async\" class=\"aligncenter wp-image-8496 size-full\" title=\"pie\u0144 cisa przy Ko\u015bciele Pokoju\" src=\"https:\/\/www.pomniki-przyrody.pl\/wp-content\/uploads\/2015\/10\/pie\u0144-cisa-przy-Ko\u015bciele-Pokoju.jpg\" alt=\"\" width=\"900\" height=\"596\" srcset=\"https:\/\/www.pomniki-przyrody.pl\/wp-content\/uploads\/2015\/10\/pie\u0144-cisa-przy-Ko\u015bciele-Pokoju.jpg 900w, https:\/\/www.pomniki-przyrody.pl\/wp-content\/uploads\/2015\/10\/pie\u0144-cisa-przy-Ko\u015bciele-Pokoju-300x199.jpg 300w, https:\/\/www.pomniki-przyrody.pl\/wp-content\/uploads\/2015\/10\/pie\u0144-cisa-przy-Ko\u015bciele-Pokoju-453x300.jpg 453w\" sizes=\"auto, (max-width: 900px) 100vw, 900px\" \/><\/a><\/p>\n","protected":false},"excerpt":{"rendered":"<p>Ko\u015bci\u00f3\u0142 Pokoju w \u015awidnicy\u00a0powsta\u0142 na mocy pokoju westfalskiego\u00a0ko\u0144cz\u0105cego wojn\u0119 trzydziestoletni\u0105\u00a01618-1648 r. Zgodnie z tym porozumieniem ewangelicy mogli wznie\u015b\u0107 trzy \u015bwi\u0105tynie:\u00a0w Jaworze, G\u0142ogowie (budowla nie zachowa\u0142a si\u0119) i \u015awidnicy. Pozwolenie by\u0142o surowo obwarowane: ko\u015bci\u00f3\u0142 m\u00f3g\u0142 powsta\u0107 wy\u0142\u0105cznie poza murami miasta,\u00a0bez wie\u017c &hellip; <a href=\"https:\/\/www.pomniki-przyrody.pl\/?p=8480\">Czytaj dalej <span class=\"meta-nav\">&rarr;<\/span><\/a><\/p>\n","protected":false},"author":2,"featured_media":0,"comment_status":"open","ping_status":"open","sticky":false,"template":"","format":"standard","meta":{"footnotes":""},"categories":[1],"tags":[1219,123,590,936],"class_list":["post-8480","post","type-post","status-publish","format-standard","hentry","category-przyroda-ozywiona","tag-kosciol-pokoju","tag-pomnikowe-lipy","tag-pomnikowy-cis","tag-swidnica"],"_links":{"self":[{"href":"https:\/\/www.pomniki-przyrody.pl\/index.php?rest_route=\/wp\/v2\/posts\/8480","targetHints":{"allow":["GET"]}}],"collection":[{"href":"https:\/\/www.pomniki-przyrody.pl\/index.php?rest_route=\/wp\/v2\/posts"}],"about":[{"href":"https:\/\/www.pomniki-przyrody.pl\/index.php?rest_route=\/wp\/v2\/types\/post"}],"author":[{"embeddable":true,"href":"https:\/\/www.pomniki-przyrody.pl\/index.php?rest_route=\/wp\/v2\/users\/2"}],"replies":[{"embeddable":true,"href":"https:\/\/www.pomniki-przyrody.pl\/index.php?rest_route=%2Fwp%2Fv2%2Fcomments&post=8480"}],"version-history":[{"count":0,"href":"https:\/\/www.pomniki-przyrody.pl\/index.php?rest_route=\/wp\/v2\/posts\/8480\/revisions"}],"wp:attachment":[{"href":"https:\/\/www.pomniki-przyrody.pl\/index.php?rest_route=%2Fwp%2Fv2%2Fmedia&parent=8480"}],"wp:term":[{"taxonomy":"category","embeddable":true,"href":"https:\/\/www.pomniki-przyrody.pl\/index.php?rest_route=%2Fwp%2Fv2%2Fcategories&post=8480"},{"taxonomy":"post_tag","embeddable":true,"href":"https:\/\/www.pomniki-przyrody.pl\/index.php?rest_route=%2Fwp%2Fv2%2Ftags&post=8480"}],"curies":[{"name":"wp","href":"https:\/\/api.w.org\/{rel}","templated":true}]}}