{"id":8895,"date":"2015-12-21T23:21:54","date_gmt":"2015-12-21T22:21:54","guid":{"rendered":"http:\/\/www.pomniki-przyrody.pl\/?p=8895"},"modified":"2015-12-21T23:21:54","modified_gmt":"2015-12-21T22:21:54","slug":"park-szczytnicki-we-wroclawiu","status":"publish","type":"post","link":"https:\/\/www.pomniki-przyrody.pl\/?p=8895","title":{"rendered":"Park Szczytnicki we Wroc\u0142awiu."},"content":{"rendered":"<p>Zlokalizowany we wschodniej cz\u0119\u015bci Wroc\u0142awia Park Szczytnicki nale\u017cy do najwi\u0119kszych (ponad 100 ha powierzchni) i najstarszych park\u00f3w w mie\u015bcie. Za\u0142o\u017cony zosta\u0142 w 1783 r. przez\u00a0Fryderyka Ludwika Hohenlohe, poszerzony i przekszta\u0142cony w II po\u0142. XIX w. w park krajobrazowy. Du\u017ce zmiany na obrze\u017cu parku zasz\u0142y na pocz. XX w. W ramach Wystawy Stulecia w 1913 r. wybudowano Hal\u0119 Stulecia, Pergol\u0119 otaczaj\u0105c\u0105 staw z fontann\u0105, Ogr\u00f3d Japo\u0144ski i in.<\/p>\n<p><a href=\"https:\/\/www.pomniki-przyrody.pl\/wp-content\/uploads\/2015\/12\/Iglica-na-tle-Hali-Stulecia-we-Wroc\u0142awiu.jpg\"><img loading=\"lazy\" decoding=\"async\" class=\"aligncenter wp-image-8903 size-full\" title=\"Iglica na tle Hali Stulecia we Wroc\u0142awiu\" src=\"https:\/\/www.pomniki-przyrody.pl\/wp-content\/uploads\/2015\/12\/Iglica-na-tle-Hali-Stulecia-we-Wroc\u0142awiu.jpg\" alt=\"\" width=\"580\" height=\"900\" srcset=\"https:\/\/www.pomniki-przyrody.pl\/wp-content\/uploads\/2015\/12\/Iglica-na-tle-Hali-Stulecia-we-Wroc\u0142awiu.jpg 580w, https:\/\/www.pomniki-przyrody.pl\/wp-content\/uploads\/2015\/12\/Iglica-na-tle-Hali-Stulecia-we-Wroc\u0142awiu-193x300.jpg 193w\" sizes=\"auto, (max-width: 580px) 100vw, 580px\" \/><\/a><a href=\"https:\/\/www.pomniki-przyrody.pl\/wp-content\/uploads\/2015\/12\/Hala-Stulecia-we-Wroc\u0142awiu.jpg\"><img loading=\"lazy\" decoding=\"async\" class=\"aligncenter wp-image-8902 size-full\" title=\"Hala Stulecia we Wroc\u0142awiu\" src=\"https:\/\/www.pomniki-przyrody.pl\/wp-content\/uploads\/2015\/12\/Hala-Stulecia-we-Wroc\u0142awiu.jpg\" alt=\"\" width=\"900\" height=\"598\" srcset=\"https:\/\/www.pomniki-przyrody.pl\/wp-content\/uploads\/2015\/12\/Hala-Stulecia-we-Wroc\u0142awiu.jpg 900w, https:\/\/www.pomniki-przyrody.pl\/wp-content\/uploads\/2015\/12\/Hala-Stulecia-we-Wroc\u0142awiu-300x199.jpg 300w, https:\/\/www.pomniki-przyrody.pl\/wp-content\/uploads\/2015\/12\/Hala-Stulecia-we-Wroc\u0142awiu-452x300.jpg 452w\" sizes=\"auto, (max-width: 900px) 100vw, 900px\" \/><\/a><a href=\"https:\/\/www.pomniki-przyrody.pl\/wp-content\/uploads\/2015\/12\/wroc\u0142awska-Pergola.jpg\"><img loading=\"lazy\" decoding=\"async\" class=\"aligncenter wp-image-8935 size-full\" title=\"wroc\u0142awska Pergola\" src=\"https:\/\/www.pomniki-przyrody.pl\/wp-content\/uploads\/2015\/12\/wroc\u0142awska-Pergola.jpg\" alt=\"\" width=\"900\" height=\"598\" srcset=\"https:\/\/www.pomniki-przyrody.pl\/wp-content\/uploads\/2015\/12\/wroc\u0142awska-Pergola.jpg 900w, https:\/\/www.pomniki-przyrody.pl\/wp-content\/uploads\/2015\/12\/wroc\u0142awska-Pergola-300x199.jpg 300w, https:\/\/www.pomniki-przyrody.pl\/wp-content\/uploads\/2015\/12\/wroc\u0142awska-Pergola-452x300.jpg 452w\" sizes=\"auto, (max-width: 900px) 100vw, 900px\" \/><\/a><a href=\"https:\/\/www.pomniki-przyrody.pl\/wp-content\/uploads\/2015\/12\/fontanna-przy-wroc\u0142awskiej-Pergoli.jpg\"><img loading=\"lazy\" decoding=\"async\" class=\"aligncenter wp-image-8900 size-full\" title=\"fontanna przy wroc\u0142awskiej Pergoli\" src=\"https:\/\/www.pomniki-przyrody.pl\/wp-content\/uploads\/2015\/12\/fontanna-przy-wroc\u0142awskiej-Pergoli.jpg\" alt=\"\" width=\"900\" height=\"696\" srcset=\"https:\/\/www.pomniki-przyrody.pl\/wp-content\/uploads\/2015\/12\/fontanna-przy-wroc\u0142awskiej-Pergoli.jpg 900w, https:\/\/www.pomniki-przyrody.pl\/wp-content\/uploads\/2015\/12\/fontanna-przy-wroc\u0142awskiej-Pergoli-300x232.jpg 300w, https:\/\/www.pomniki-przyrody.pl\/wp-content\/uploads\/2015\/12\/fontanna-przy-wroc\u0142awskiej-Pergoli-388x300.jpg 388w\" sizes=\"auto, (max-width: 900px) 100vw, 900px\" \/><\/a><a href=\"https:\/\/www.pomniki-przyrody.pl\/wp-content\/uploads\/2015\/12\/fragment-Ogrodu-Japo\u0144skiego-we-Wroc\u0142awiu.jpg\"><img loading=\"lazy\" decoding=\"async\" class=\"aligncenter wp-image-8901 size-full\" title=\"fragment Ogrodu Japo\u0144skiego we Wroc\u0142awiu\" src=\"https:\/\/www.pomniki-przyrody.pl\/wp-content\/uploads\/2015\/12\/fragment-Ogrodu-Japo\u0144skiego-we-Wroc\u0142awiu.jpg\" alt=\"\" width=\"598\" height=\"900\" srcset=\"https:\/\/www.pomniki-przyrody.pl\/wp-content\/uploads\/2015\/12\/fragment-Ogrodu-Japo\u0144skiego-we-Wroc\u0142awiu.jpg 598w, https:\/\/www.pomniki-przyrody.pl\/wp-content\/uploads\/2015\/12\/fragment-Ogrodu-Japo\u0144skiego-we-Wroc\u0142awiu-199x300.jpg 199w\" sizes=\"auto, (max-width: 598px) 100vw, 598px\" \/><\/a><a href=\"https:\/\/www.pomniki-przyrody.pl\/wp-content\/uploads\/2015\/12\/Ogr\u00f3d-Japo\u0144ski-we-Wroc\u0142awiu.jpg\"><img loading=\"lazy\" decoding=\"async\" class=\"aligncenter wp-image-8908 size-full\" title=\"Ogr\u00f3d Japo\u0144ski we Wroc\u0142awiu\" src=\"https:\/\/www.pomniki-przyrody.pl\/wp-content\/uploads\/2015\/12\/Ogr\u00f3d-Japo\u0144ski-we-Wroc\u0142awiu.jpg\" alt=\"\" width=\"1000\" height=\"665\" srcset=\"https:\/\/www.pomniki-przyrody.pl\/wp-content\/uploads\/2015\/12\/Ogr\u00f3d-Japo\u0144ski-we-Wroc\u0142awiu.jpg 1000w, https:\/\/www.pomniki-przyrody.pl\/wp-content\/uploads\/2015\/12\/Ogr\u00f3d-Japo\u0144ski-we-Wroc\u0142awiu-300x200.jpg 300w, https:\/\/www.pomniki-przyrody.pl\/wp-content\/uploads\/2015\/12\/Ogr\u00f3d-Japo\u0144ski-we-Wroc\u0142awiu-451x300.jpg 451w\" sizes=\"auto, (max-width: 1000px) 100vw, 1000px\" \/><\/a><\/p>\n<p>W bogatej kompozycji parku krajobrazowego odnajdziemy ocienione cz\u0119\u015bci le\u015bne, rozleg\u0142e polany, pod\u0142u\u017cny staw z mostami.<\/p>\n<p><a href=\"https:\/\/www.pomniki-przyrody.pl\/wp-content\/uploads\/2015\/12\/Park-Szczytnicki-we-Wroc\u0142awiu.jpg\"><img loading=\"lazy\" decoding=\"async\" class=\"aligncenter wp-image-8921 size-full\" title=\"Park Szczytnicki we Wroc\u0142awiu\" src=\"https:\/\/www.pomniki-przyrody.pl\/wp-content\/uploads\/2015\/12\/Park-Szczytnicki-we-Wroc\u0142awiu.jpg\" alt=\"\" width=\"1000\" height=\"665\" srcset=\"https:\/\/www.pomniki-przyrody.pl\/wp-content\/uploads\/2015\/12\/Park-Szczytnicki-we-Wroc\u0142awiu.jpg 1000w, https:\/\/www.pomniki-przyrody.pl\/wp-content\/uploads\/2015\/12\/Park-Szczytnicki-we-Wroc\u0142awiu-300x200.jpg 300w, https:\/\/www.pomniki-przyrody.pl\/wp-content\/uploads\/2015\/12\/Park-Szczytnicki-we-Wroc\u0142awiu-451x300.jpg 451w\" sizes=\"auto, (max-width: 1000px) 100vw, 1000px\" \/><\/a><a href=\"https:\/\/www.pomniki-przyrody.pl\/wp-content\/uploads\/2015\/12\/Park-Szczytnicki-cypry\u015bnik-b\u0142otny.jpg\"><img loading=\"lazy\" decoding=\"async\" class=\"aligncenter wp-image-8909 size-full\" title=\"Park Szczytnicki - cypry\u015bnik b\u0142otny\" src=\"https:\/\/www.pomniki-przyrody.pl\/wp-content\/uploads\/2015\/12\/Park-Szczytnicki-cypry\u015bnik-b\u0142otny.jpg\" alt=\"\" width=\"900\" height=\"598\" srcset=\"https:\/\/www.pomniki-przyrody.pl\/wp-content\/uploads\/2015\/12\/Park-Szczytnicki-cypry\u015bnik-b\u0142otny.jpg 900w, https:\/\/www.pomniki-przyrody.pl\/wp-content\/uploads\/2015\/12\/Park-Szczytnicki-cypry\u015bnik-b\u0142otny-300x199.jpg 300w, https:\/\/www.pomniki-przyrody.pl\/wp-content\/uploads\/2015\/12\/Park-Szczytnicki-cypry\u015bnik-b\u0142otny-452x300.jpg 452w\" sizes=\"auto, (max-width: 900px) 100vw, 900px\" \/><\/a><\/p>\n<p>Obfito\u015b\u0107 flory Parku Szczytnickiego reprezentuje ok. 400 gatunk\u00f3w drzew i krzew\u00f3w, w tym wielu rzadkich i egzotycznych. Pomnikowe egzemplarze drzew to g\u0142\u00f3wnie s\u0119dziwe d\u0119by szypu\u0142kowe, jeden z nich &#8211; D\u0105b Jana Stanki &#8211; ro\u015bnie przy mostku przerzuconym nad stawem.<\/p>\n<p><a href=\"https:\/\/www.pomniki-przyrody.pl\/wp-content\/uploads\/2015\/12\/kamie\u0144-z-napisem-D\u0105b-Jana-Stanki.jpg\"><img loading=\"lazy\" decoding=\"async\" class=\"aligncenter wp-image-8906 size-full\" title=\"kamie\u0144 z napisem D\u0105b Jana Stanki\" src=\"https:\/\/www.pomniki-przyrody.pl\/wp-content\/uploads\/2015\/12\/kamie\u0144-z-napisem-D\u0105b-Jana-Stanki.jpg\" alt=\"\" width=\"600\" height=\"399\" srcset=\"https:\/\/www.pomniki-przyrody.pl\/wp-content\/uploads\/2015\/12\/kamie\u0144-z-napisem-D\u0105b-Jana-Stanki.jpg 600w, https:\/\/www.pomniki-przyrody.pl\/wp-content\/uploads\/2015\/12\/kamie\u0144-z-napisem-D\u0105b-Jana-Stanki-300x200.jpg 300w, https:\/\/www.pomniki-przyrody.pl\/wp-content\/uploads\/2015\/12\/kamie\u0144-z-napisem-D\u0105b-Jana-Stanki-451x300.jpg 451w\" sizes=\"auto, (max-width: 600px) 100vw, 600px\" \/><\/a><\/p>\n<p><a href=\"https:\/\/www.pomniki-przyrody.pl\/wp-content\/uploads\/2015\/12\/Park-Szczytnicki-d\u0105b-Jana-Stanki.jpg\"><img loading=\"lazy\" decoding=\"async\" class=\"aligncenter wp-image-8910 size-full\" title=\"Park Szczytnicki - d\u0105b Jana Stanki\" src=\"https:\/\/www.pomniki-przyrody.pl\/wp-content\/uploads\/2015\/12\/Park-Szczytnicki-d\u0105b-Jana-Stanki.jpg\" alt=\"\" width=\"900\" height=\"598\" srcset=\"https:\/\/www.pomniki-przyrody.pl\/wp-content\/uploads\/2015\/12\/Park-Szczytnicki-d\u0105b-Jana-Stanki.jpg 900w, https:\/\/www.pomniki-przyrody.pl\/wp-content\/uploads\/2015\/12\/Park-Szczytnicki-d\u0105b-Jana-Stanki-300x199.jpg 300w, https:\/\/www.pomniki-przyrody.pl\/wp-content\/uploads\/2015\/12\/Park-Szczytnicki-d\u0105b-Jana-Stanki-452x300.jpg 452w\" sizes=\"auto, (max-width: 900px) 100vw, 900px\" \/><\/a><a href=\"https:\/\/www.pomniki-przyrody.pl\/wp-content\/uploads\/2015\/12\/d\u0105b-Jana-Stanki-w-Parku-Szczytnickim.jpg\"><img loading=\"lazy\" decoding=\"async\" class=\"aligncenter wp-image-8898 size-full\" title=\"d\u0105b Jana Stanki w Parku Szczytnickim\" src=\"https:\/\/www.pomniki-przyrody.pl\/wp-content\/uploads\/2015\/12\/d\u0105b-Jana-Stanki-w-Parku-Szczytnickim.jpg\" alt=\"\" width=\"598\" height=\"900\" srcset=\"https:\/\/www.pomniki-przyrody.pl\/wp-content\/uploads\/2015\/12\/d\u0105b-Jana-Stanki-w-Parku-Szczytnickim.jpg 598w, https:\/\/www.pomniki-przyrody.pl\/wp-content\/uploads\/2015\/12\/d\u0105b-Jana-Stanki-w-Parku-Szczytnickim-199x300.jpg 199w\" sizes=\"auto, (max-width: 598px) 100vw, 598px\" \/><\/a><\/p>\n<p>Okaz mierzy w obwodzie 534 cm, wysoko\u015b\u0107 d\u0119bu 26 metr\u00f3w.<\/p>\n<p><a href=\"https:\/\/www.pomniki-przyrody.pl\/wp-content\/uploads\/2015\/12\/pie\u0144-d\u0119bu-Jana-Stanki-we-Wroc\u0142awiu.jpg\"><img loading=\"lazy\" decoding=\"async\" class=\"aligncenter wp-image-8923 size-full\" title=\"pie\u0144 d\u0119bu Jana Stanki we Wroc\u0142awiu\" src=\"https:\/\/www.pomniki-przyrody.pl\/wp-content\/uploads\/2015\/12\/pie\u0144-d\u0119bu-Jana-Stanki-we-Wroc\u0142awiu.jpg\" alt=\"\" width=\"598\" height=\"900\" srcset=\"https:\/\/www.pomniki-przyrody.pl\/wp-content\/uploads\/2015\/12\/pie\u0144-d\u0119bu-Jana-Stanki-we-Wroc\u0142awiu.jpg 598w, https:\/\/www.pomniki-przyrody.pl\/wp-content\/uploads\/2015\/12\/pie\u0144-d\u0119bu-Jana-Stanki-we-Wroc\u0142awiu-199x300.jpg 199w\" sizes=\"auto, (max-width: 598px) 100vw, 598px\" \/><\/a><\/p>\n<p>Owocuj\u0105cy okaz kasztana jadalnego o statusie pomnika przyrody ro\u015bnie w pobli\u017cu placu zabaw.<\/p>\n<p><a href=\"https:\/\/www.pomniki-przyrody.pl\/wp-content\/uploads\/2015\/12\/pomnikowy-kasztan-jadalny-we-Wroc\u0142awiu.jpg\"><img loading=\"lazy\" decoding=\"async\" class=\"aligncenter wp-image-8934 size-full\" title=\"pomnikowy kasztan jadalny we Wroc\u0142awiu\" src=\"https:\/\/www.pomniki-przyrody.pl\/wp-content\/uploads\/2015\/12\/pomnikowy-kasztan-jadalny-we-Wroc\u0142awiu.jpg\" alt=\"\" width=\"581\" height=\"900\" srcset=\"https:\/\/www.pomniki-przyrody.pl\/wp-content\/uploads\/2015\/12\/pomnikowy-kasztan-jadalny-we-Wroc\u0142awiu.jpg 581w, https:\/\/www.pomniki-przyrody.pl\/wp-content\/uploads\/2015\/12\/pomnikowy-kasztan-jadalny-we-Wroc\u0142awiu-194x300.jpg 194w\" sizes=\"auto, (max-width: 581px) 100vw, 581px\" \/><\/a><a href=\"https:\/\/www.pomniki-przyrody.pl\/wp-content\/uploads\/2015\/12\/li\u015bcie-kasztana-jadalnego.jpg\"><img loading=\"lazy\" decoding=\"async\" class=\"aligncenter wp-image-8907 size-full\" title=\"li\u015bcie kasztana jadalnego\" src=\"https:\/\/www.pomniki-przyrody.pl\/wp-content\/uploads\/2015\/12\/li\u015bcie-kasztana-jadalnego.jpg\" alt=\"\" width=\"900\" height=\"598\" srcset=\"https:\/\/www.pomniki-przyrody.pl\/wp-content\/uploads\/2015\/12\/li\u015bcie-kasztana-jadalnego.jpg 900w, https:\/\/www.pomniki-przyrody.pl\/wp-content\/uploads\/2015\/12\/li\u015bcie-kasztana-jadalnego-300x199.jpg 300w, https:\/\/www.pomniki-przyrody.pl\/wp-content\/uploads\/2015\/12\/li\u015bcie-kasztana-jadalnego-452x300.jpg 452w\" sizes=\"auto, (max-width: 900px) 100vw, 900px\" \/><\/a><\/p>\n<p><a href=\"https:\/\/www.pomniki-przyrody.pl\/wp-content\/uploads\/2013\/10\/owoc-kasztana-jadalnego.jpg\"><img loading=\"lazy\" decoding=\"async\" class=\"aligncenter wp-image-4506 size-full\" title=\"owoc kasztana jadalnego\" src=\"https:\/\/www.pomniki-przyrody.pl\/wp-content\/uploads\/2013\/10\/owoc-kasztana-jadalnego-e1450733406272.jpg\" alt=\"\" width=\"800\" height=\"600\" \/><\/a><\/p>\n<p>Kasztan mierzy w obwodzie 243 cm, wysoko\u015b\u0107 drzewa 20 metr\u00f3w.<\/p>\n<p><a href=\"https:\/\/www.pomniki-przyrody.pl\/wp-content\/uploads\/2015\/12\/Park-Szczytnicki-pie\u0144-pomnikowego-kasztana-jadalnego.jpg\"><img loading=\"lazy\" decoding=\"async\" class=\"aligncenter wp-image-8914 size-full\" title=\"Park Szczytnicki - pie\u0144 pomnikowego kasztana jadalnego\" src=\"https:\/\/www.pomniki-przyrody.pl\/wp-content\/uploads\/2015\/12\/Park-Szczytnicki-pie\u0144-pomnikowego-kasztana-jadalnego.jpg\" alt=\"\" width=\"598\" height=\"900\" srcset=\"https:\/\/www.pomniki-przyrody.pl\/wp-content\/uploads\/2015\/12\/Park-Szczytnicki-pie\u0144-pomnikowego-kasztana-jadalnego.jpg 598w, https:\/\/www.pomniki-przyrody.pl\/wp-content\/uploads\/2015\/12\/Park-Szczytnicki-pie\u0144-pomnikowego-kasztana-jadalnego-199x300.jpg 199w\" sizes=\"auto, (max-width: 598px) 100vw, 598px\" \/><\/a><\/p>\n<p>Przy alejce prowadz\u0105cej od placu zabaw do kolumny Wilhelma ro\u015bnie pomnikowy jarz\u0105b brekinia &#8211; gatunek obj\u0119ty w Polsce ochron\u0105 \u015bcis\u0142\u0105. To niepozorne drzewo mierzy w pier\u015bnicy 92 cm, wysoko\u015b\u0107 okazu 13 m.<\/p>\n<p><a href=\"https:\/\/www.pomniki-przyrody.pl\/wp-content\/uploads\/2015\/12\/jarz\u0105b-brekinia-pomnik-przyrody-w-Parku-Szczytnickim.jpg\"><img loading=\"lazy\" decoding=\"async\" class=\"aligncenter wp-image-8905 size-full\" title=\"jarz\u0105b brekinia - pomnik przyrody w Parku Szczytnickim\" src=\"https:\/\/www.pomniki-przyrody.pl\/wp-content\/uploads\/2015\/12\/jarz\u0105b-brekinia-pomnik-przyrody-w-Parku-Szczytnickim.jpg\" alt=\"\" width=\"598\" height=\"900\" srcset=\"https:\/\/www.pomniki-przyrody.pl\/wp-content\/uploads\/2015\/12\/jarz\u0105b-brekinia-pomnik-przyrody-w-Parku-Szczytnickim.jpg 598w, https:\/\/www.pomniki-przyrody.pl\/wp-content\/uploads\/2015\/12\/jarz\u0105b-brekinia-pomnik-przyrody-w-Parku-Szczytnickim-199x300.jpg 199w\" sizes=\"auto, (max-width: 598px) 100vw, 598px\" \/><\/a><\/p>\n<p><a href=\"https:\/\/www.pomniki-przyrody.pl\/wp-content\/uploads\/2015\/12\/Park-Szczytnicki-jarz\u0105b-brekinia.jpg\"><img loading=\"lazy\" decoding=\"async\" class=\"aligncenter wp-image-8912 size-full\" title=\"Park Szczytnicki - jarz\u0105b brekinia\" src=\"https:\/\/www.pomniki-przyrody.pl\/wp-content\/uploads\/2015\/12\/Park-Szczytnicki-jarz\u0105b-brekinia.jpg\" alt=\"\" width=\"598\" height=\"900\" srcset=\"https:\/\/www.pomniki-przyrody.pl\/wp-content\/uploads\/2015\/12\/Park-Szczytnicki-jarz\u0105b-brekinia.jpg 598w, https:\/\/www.pomniki-przyrody.pl\/wp-content\/uploads\/2015\/12\/Park-Szczytnicki-jarz\u0105b-brekinia-199x300.jpg 199w\" sizes=\"auto, (max-width: 598px) 100vw, 598px\" \/><\/a><\/p>\n<p><a href=\"https:\/\/www.pomniki-przyrody.pl\/wp-content\/uploads\/2015\/12\/Park-Szczytnicki-pie\u0144-pomnikowego-jarz\u0105bu-brekinia.jpg\"><img loading=\"lazy\" decoding=\"async\" class=\"aligncenter wp-image-8913 size-full\" title=\"Park Szczytnicki - pie\u0144 pomnikowego jarz\u0105bu brekinia\" src=\"https:\/\/www.pomniki-przyrody.pl\/wp-content\/uploads\/2015\/12\/Park-Szczytnicki-pie\u0144-pomnikowego-jarz\u0105bu-brekinia.jpg\" alt=\"\" width=\"598\" height=\"900\" srcset=\"https:\/\/www.pomniki-przyrody.pl\/wp-content\/uploads\/2015\/12\/Park-Szczytnicki-pie\u0144-pomnikowego-jarz\u0105bu-brekinia.jpg 598w, https:\/\/www.pomniki-przyrody.pl\/wp-content\/uploads\/2015\/12\/Park-Szczytnicki-pie\u0144-pomnikowego-jarz\u0105bu-brekinia-199x300.jpg 199w\" sizes=\"auto, (max-width: 598px) 100vw, 598px\" \/><\/a><\/p>\n<p><a href=\"https:\/\/www.pomniki-przyrody.pl\/wp-content\/uploads\/2015\/12\/jarz\u0105b-brekinia-li\u015bcie.jpg\"><img loading=\"lazy\" decoding=\"async\" class=\"aligncenter wp-image-8904 size-full\" title=\"jarz\u0105b brekinia - li\u015bcie\" src=\"https:\/\/www.pomniki-przyrody.pl\/wp-content\/uploads\/2015\/12\/jarz\u0105b-brekinia-li\u015bcie.jpg\" alt=\"\" width=\"900\" height=\"598\" srcset=\"https:\/\/www.pomniki-przyrody.pl\/wp-content\/uploads\/2015\/12\/jarz\u0105b-brekinia-li\u015bcie.jpg 900w, https:\/\/www.pomniki-przyrody.pl\/wp-content\/uploads\/2015\/12\/jarz\u0105b-brekinia-li\u015bcie-300x199.jpg 300w, https:\/\/www.pomniki-przyrody.pl\/wp-content\/uploads\/2015\/12\/jarz\u0105b-brekinia-li\u015bcie-452x300.jpg 452w\" sizes=\"auto, (max-width: 900px) 100vw, 900px\" \/><\/a><\/p>\n<p>Id\u0105c od placu zabaw w kierunku Mostu Szczytnickiego przechodzimy przez alej\u0119 15 pomnikowych d\u0119b\u00f3w szypu\u0142kowych.<\/p>\n<p><a href=\"https:\/\/www.pomniki-przyrody.pl\/wp-content\/uploads\/2015\/12\/Park-Szczytnicki-we-Wroc\u0142awiu-pomnikowa-aleja.jpg\"><img loading=\"lazy\" decoding=\"async\" class=\"aligncenter wp-image-8920 size-full\" title=\"Park Szczytnicki we Wroc\u0142awiu - pomnikowa aleja\" src=\"https:\/\/www.pomniki-przyrody.pl\/wp-content\/uploads\/2015\/12\/Park-Szczytnicki-we-Wroc\u0142awiu-pomnikowa-aleja.jpg\" alt=\"\" width=\"598\" height=\"900\" srcset=\"https:\/\/www.pomniki-przyrody.pl\/wp-content\/uploads\/2015\/12\/Park-Szczytnicki-we-Wroc\u0142awiu-pomnikowa-aleja.jpg 598w, https:\/\/www.pomniki-przyrody.pl\/wp-content\/uploads\/2015\/12\/Park-Szczytnicki-we-Wroc\u0142awiu-pomnikowa-aleja-199x300.jpg 199w\" sizes=\"auto, (max-width: 598px) 100vw, 598px\" \/><\/a><a href=\"https:\/\/www.pomniki-przyrody.pl\/wp-content\/uploads\/2015\/12\/pomnikowe-d\u0119by-w-Parku-Szczytnickim.jpg\"><img loading=\"lazy\" decoding=\"async\" class=\"aligncenter wp-image-8930 size-full\" title=\"pomnikowe d\u0119by w Parku Szczytnickim\" src=\"https:\/\/www.pomniki-przyrody.pl\/wp-content\/uploads\/2015\/12\/pomnikowe-d\u0119by-w-Parku-Szczytnickim.jpg\" alt=\"\" width=\"900\" height=\"598\" srcset=\"https:\/\/www.pomniki-przyrody.pl\/wp-content\/uploads\/2015\/12\/pomnikowe-d\u0119by-w-Parku-Szczytnickim.jpg 900w, https:\/\/www.pomniki-przyrody.pl\/wp-content\/uploads\/2015\/12\/pomnikowe-d\u0119by-w-Parku-Szczytnickim-300x199.jpg 300w, https:\/\/www.pomniki-przyrody.pl\/wp-content\/uploads\/2015\/12\/pomnikowe-d\u0119by-w-Parku-Szczytnickim-452x300.jpg 452w\" sizes=\"auto, (max-width: 900px) 100vw, 900px\" \/><\/a><\/p>\n<p><a href=\"https:\/\/www.pomniki-przyrody.pl\/wp-content\/uploads\/2015\/12\/aleja-pomnikowych-d\u0119b\u00f3w-w-Parku-Szczytnickim.jpg\"><img loading=\"lazy\" decoding=\"async\" class=\"aligncenter wp-image-8896 size-full\" title=\"aleja pomnikowych d\u0119b\u00f3w w Parku Szczytnickim\" src=\"https:\/\/www.pomniki-przyrody.pl\/wp-content\/uploads\/2015\/12\/aleja-pomnikowych-d\u0119b\u00f3w-w-Parku-Szczytnickim.jpg\" alt=\"\" width=\"900\" height=\"598\" srcset=\"https:\/\/www.pomniki-przyrody.pl\/wp-content\/uploads\/2015\/12\/aleja-pomnikowych-d\u0119b\u00f3w-w-Parku-Szczytnickim.jpg 900w, https:\/\/www.pomniki-przyrody.pl\/wp-content\/uploads\/2015\/12\/aleja-pomnikowych-d\u0119b\u00f3w-w-Parku-Szczytnickim-300x199.jpg 300w, https:\/\/www.pomniki-przyrody.pl\/wp-content\/uploads\/2015\/12\/aleja-pomnikowych-d\u0119b\u00f3w-w-Parku-Szczytnickim-452x300.jpg 452w\" sizes=\"auto, (max-width: 900px) 100vw, 900px\" \/><\/a><\/p>\n<p><a href=\"https:\/\/www.pomniki-przyrody.pl\/wp-content\/uploads\/2015\/12\/Park-Szczytnicki-d\u0119by-w-pomnikowej-alei.jpg\"><img loading=\"lazy\" decoding=\"async\" class=\"aligncenter wp-image-8911 size-full\" title=\"Park Szczytnicki - d\u0119by w pomnikowej alei\" src=\"https:\/\/www.pomniki-przyrody.pl\/wp-content\/uploads\/2015\/12\/Park-Szczytnicki-d\u0119by-w-pomnikowej-alei.jpg\" alt=\"\" width=\"598\" height=\"900\" srcset=\"https:\/\/www.pomniki-przyrody.pl\/wp-content\/uploads\/2015\/12\/Park-Szczytnicki-d\u0119by-w-pomnikowej-alei.jpg 598w, https:\/\/www.pomniki-przyrody.pl\/wp-content\/uploads\/2015\/12\/Park-Szczytnicki-d\u0119by-w-pomnikowej-alei-199x300.jpg 199w\" sizes=\"auto, (max-width: 598px) 100vw, 598px\" \/><\/a><a href=\"https:\/\/www.pomniki-przyrody.pl\/wp-content\/uploads\/2015\/12\/Park-Szczytnicki-we-Wroc\u0142awiu-pomnikowa-aleja-d\u0119bowa.jpg\"><img loading=\"lazy\" decoding=\"async\" class=\"aligncenter wp-image-8919 size-full\" title=\"Park Szczytnicki we Wroc\u0142awiu - pomnikowa aleja d\u0119bowa\" src=\"https:\/\/www.pomniki-przyrody.pl\/wp-content\/uploads\/2015\/12\/Park-Szczytnicki-we-Wroc\u0142awiu-pomnikowa-aleja-d\u0119bowa.jpg\" alt=\"\" width=\"598\" height=\"900\" srcset=\"https:\/\/www.pomniki-przyrody.pl\/wp-content\/uploads\/2015\/12\/Park-Szczytnicki-we-Wroc\u0142awiu-pomnikowa-aleja-d\u0119bowa.jpg 598w, https:\/\/www.pomniki-przyrody.pl\/wp-content\/uploads\/2015\/12\/Park-Szczytnicki-we-Wroc\u0142awiu-pomnikowa-aleja-d\u0119bowa-199x300.jpg 199w\" sizes=\"auto, (max-width: 598px) 100vw, 598px\" \/><\/a><\/p>\n<p>Drzewa mierz\u0105 w obwodzie\u00a0235, 245, 250, 252, 257, 266, 268, 271, 279, 314, 333, 347, 358, 359, 345+305 cm, wysoko\u015b\u0107 9 &#8211; 30 metr\u00f3w.<\/p>\n<p><a href=\"https:\/\/www.pomniki-przyrody.pl\/wp-content\/uploads\/2015\/12\/Park-Szczytnicki-we-Wroc\u0142awiu-aleja-pomnikowych-d\u0119b\u00f3w.jpg\"><img loading=\"lazy\" decoding=\"async\" class=\"aligncenter wp-image-8918 size-full\" title=\"Park Szczytnicki we Wroc\u0142awiu - aleja pomnikowych d\u0119b\u00f3w\" src=\"https:\/\/www.pomniki-przyrody.pl\/wp-content\/uploads\/2015\/12\/Park-Szczytnicki-we-Wroc\u0142awiu-aleja-pomnikowych-d\u0119b\u00f3w.jpg\" alt=\"\" width=\"900\" height=\"598\" srcset=\"https:\/\/www.pomniki-przyrody.pl\/wp-content\/uploads\/2015\/12\/Park-Szczytnicki-we-Wroc\u0142awiu-aleja-pomnikowych-d\u0119b\u00f3w.jpg 900w, https:\/\/www.pomniki-przyrody.pl\/wp-content\/uploads\/2015\/12\/Park-Szczytnicki-we-Wroc\u0142awiu-aleja-pomnikowych-d\u0119b\u00f3w-300x199.jpg 300w, https:\/\/www.pomniki-przyrody.pl\/wp-content\/uploads\/2015\/12\/Park-Szczytnicki-we-Wroc\u0142awiu-aleja-pomnikowych-d\u0119b\u00f3w-452x300.jpg 452w\" sizes=\"auto, (max-width: 900px) 100vw, 900px\" \/><\/a><a href=\"https:\/\/www.pomniki-przyrody.pl\/wp-content\/uploads\/2015\/12\/Park-Szczytnicki-pomnikowa-aleja-d\u0119bowa.jpg\"><img loading=\"lazy\" decoding=\"async\" class=\"aligncenter wp-image-8917 size-full\" title=\"Park Szczytnicki - pomnikowa aleja d\u0119bowa\" src=\"https:\/\/www.pomniki-przyrody.pl\/wp-content\/uploads\/2015\/12\/Park-Szczytnicki-pomnikowa-aleja-d\u0119bowa.jpg\" alt=\"\" width=\"900\" height=\"598\" srcset=\"https:\/\/www.pomniki-przyrody.pl\/wp-content\/uploads\/2015\/12\/Park-Szczytnicki-pomnikowa-aleja-d\u0119bowa.jpg 900w, https:\/\/www.pomniki-przyrody.pl\/wp-content\/uploads\/2015\/12\/Park-Szczytnicki-pomnikowa-aleja-d\u0119bowa-300x199.jpg 300w, https:\/\/www.pomniki-przyrody.pl\/wp-content\/uploads\/2015\/12\/Park-Szczytnicki-pomnikowa-aleja-d\u0119bowa-452x300.jpg 452w\" sizes=\"auto, (max-width: 900px) 100vw, 900px\" \/><\/a><\/p>\n<p><a href=\"https:\/\/www.pomniki-przyrody.pl\/wp-content\/uploads\/2015\/12\/Park-Szczytnicki-pocz\u0105tek-pomnikowej-alei-d\u0119bowej.jpg\"><img loading=\"lazy\" decoding=\"async\" class=\"aligncenter wp-image-8915 size-full\" title=\"Park Szczytnicki - pocz\u0105tek pomnikowej alei d\u0119bowej\" src=\"https:\/\/www.pomniki-przyrody.pl\/wp-content\/uploads\/2015\/12\/Park-Szczytnicki-pocz\u0105tek-pomnikowej-alei-d\u0119bowej.jpg\" alt=\"\" width=\"900\" height=\"598\" srcset=\"https:\/\/www.pomniki-przyrody.pl\/wp-content\/uploads\/2015\/12\/Park-Szczytnicki-pocz\u0105tek-pomnikowej-alei-d\u0119bowej.jpg 900w, https:\/\/www.pomniki-przyrody.pl\/wp-content\/uploads\/2015\/12\/Park-Szczytnicki-pocz\u0105tek-pomnikowej-alei-d\u0119bowej-300x199.jpg 300w, https:\/\/www.pomniki-przyrody.pl\/wp-content\/uploads\/2015\/12\/Park-Szczytnicki-pocz\u0105tek-pomnikowej-alei-d\u0119bowej-452x300.jpg 452w\" sizes=\"auto, (max-width: 900px) 100vw, 900px\" \/><\/a><a href=\"https:\/\/www.pomniki-przyrody.pl\/wp-content\/uploads\/2015\/12\/Park-Szczytnicki-pocz\u0105tek-pomnikowej-alei.jpg\"><img loading=\"lazy\" decoding=\"async\" class=\"aligncenter wp-image-8916 size-full\" title=\"Park Szczytnicki - pocz\u0105tek pomnikowej alei\" src=\"https:\/\/www.pomniki-przyrody.pl\/wp-content\/uploads\/2015\/12\/Park-Szczytnicki-pocz\u0105tek-pomnikowej-alei.jpg\" alt=\"\" width=\"598\" height=\"900\" srcset=\"https:\/\/www.pomniki-przyrody.pl\/wp-content\/uploads\/2015\/12\/Park-Szczytnicki-pocz\u0105tek-pomnikowej-alei.jpg 598w, https:\/\/www.pomniki-przyrody.pl\/wp-content\/uploads\/2015\/12\/Park-Szczytnicki-pocz\u0105tek-pomnikowej-alei-199x300.jpg 199w\" sizes=\"auto, (max-width: 598px) 100vw, 598px\" \/><\/a><\/p>\n<p>100 m od pomnikowej alei, przy szalecie, ro\u015bnie kolejny okaza\u0142y d\u0105b &#8211; pomnik przyrody. Drzewo mierzy 432 cm w obwodzie, wysoko\u015b\u0107 d\u0119bu 31 metr\u00f3w.<\/p>\n<p><a href=\"https:\/\/www.pomniki-przyrody.pl\/wp-content\/uploads\/2015\/12\/pomnikowy-d\u0105b-w-p\u00f3\u0142nocnej-cz\u0119\u015bci-Parku-Szczytnickiego.jpg\"><img loading=\"lazy\" decoding=\"async\" class=\"aligncenter wp-image-8933 size-full\" title=\"pomnikowy d\u0105b w p\u00f3\u0142nocnej cz\u0119\u015bci Parku Szczytnickiego\" src=\"https:\/\/www.pomniki-przyrody.pl\/wp-content\/uploads\/2015\/12\/pomnikowy-d\u0105b-w-p\u00f3\u0142nocnej-cz\u0119\u015bci-Parku-Szczytnickiego.jpg\" alt=\"\" width=\"598\" height=\"900\" srcset=\"https:\/\/www.pomniki-przyrody.pl\/wp-content\/uploads\/2015\/12\/pomnikowy-d\u0105b-w-p\u00f3\u0142nocnej-cz\u0119\u015bci-Parku-Szczytnickiego.jpg 598w, https:\/\/www.pomniki-przyrody.pl\/wp-content\/uploads\/2015\/12\/pomnikowy-d\u0105b-w-p\u00f3\u0142nocnej-cz\u0119\u015bci-Parku-Szczytnickiego-199x300.jpg 199w\" sizes=\"auto, (max-width: 598px) 100vw, 598px\" \/><\/a><a href=\"https:\/\/www.pomniki-przyrody.pl\/wp-content\/uploads\/2015\/12\/pie\u0144-pomnikowego-d\u0119bu-w-p\u00f3\u0142nocnej-cz\u0119\u015bci-Parku-Szczytnickiego.jpg\"><img loading=\"lazy\" decoding=\"async\" class=\"aligncenter wp-image-8926 size-full\" title=\"pie\u0144 pomnikowego d\u0119bu w p\u00f3\u0142nocnej cz\u0119\u015bci Parku Szczytnickiego\" src=\"https:\/\/www.pomniki-przyrody.pl\/wp-content\/uploads\/2015\/12\/pie\u0144-pomnikowego-d\u0119bu-w-p\u00f3\u0142nocnej-cz\u0119\u015bci-Parku-Szczytnickiego.jpg\" alt=\"\" width=\"532\" height=\"800\" srcset=\"https:\/\/www.pomniki-przyrody.pl\/wp-content\/uploads\/2015\/12\/pie\u0144-pomnikowego-d\u0119bu-w-p\u00f3\u0142nocnej-cz\u0119\u015bci-Parku-Szczytnickiego.jpg 532w, https:\/\/www.pomniki-przyrody.pl\/wp-content\/uploads\/2015\/12\/pie\u0144-pomnikowego-d\u0119bu-w-p\u00f3\u0142nocnej-cz\u0119\u015bci-Parku-Szczytnickiego-200x300.jpg 200w\" sizes=\"auto, (max-width: 532px) 100vw, 532px\" \/><\/a><\/p>\n<p>W tej cz\u0119\u015bci Parku Szczytnickiego, pomi\u0119dzy torami tramwajowymi a ul. R\u00f3\u017cyckiego, rosn\u0105 jeszcze 3 pomnikowe d\u0119by o obwodach\u00a0413, 365, 293 cm.<\/p>\n<p><a href=\"https:\/\/www.pomniki-przyrody.pl\/wp-content\/uploads\/2015\/12\/pomnikowe-d\u0119by-przy-ul.-R\u00f3\u017cyckiego-we-Wroc\u0142awiu.jpg\"><img loading=\"lazy\" decoding=\"async\" class=\"aligncenter wp-image-8928 size-full\" title=\"pomnikowe d\u0119by przy ul. R\u00f3\u017cyckiego we Wroc\u0142awiu\" src=\"https:\/\/www.pomniki-przyrody.pl\/wp-content\/uploads\/2015\/12\/pomnikowe-d\u0119by-przy-ul.-R\u00f3\u017cyckiego-we-Wroc\u0142awiu.jpg\" alt=\"\" width=\"1000\" height=\"665\" srcset=\"https:\/\/www.pomniki-przyrody.pl\/wp-content\/uploads\/2015\/12\/pomnikowe-d\u0119by-przy-ul.-R\u00f3\u017cyckiego-we-Wroc\u0142awiu.jpg 1000w, https:\/\/www.pomniki-przyrody.pl\/wp-content\/uploads\/2015\/12\/pomnikowe-d\u0119by-przy-ul.-R\u00f3\u017cyckiego-we-Wroc\u0142awiu-300x200.jpg 300w, https:\/\/www.pomniki-przyrody.pl\/wp-content\/uploads\/2015\/12\/pomnikowe-d\u0119by-przy-ul.-R\u00f3\u017cyckiego-we-Wroc\u0142awiu-451x300.jpg 451w\" sizes=\"auto, (max-width: 1000px) 100vw, 1000px\" \/><\/a><a href=\"https:\/\/www.pomniki-przyrody.pl\/wp-content\/uploads\/2015\/12\/pomnikowy-d\u0105b-szyp.-ul.-R\u00f3\u017cyckiego-we-Wroc\u0142awiu.jpg\"><img loading=\"lazy\" decoding=\"async\" class=\"aligncenter wp-image-8932 size-full\" title=\"pomnikowy d\u0105b szyp. - ul. R\u00f3\u017cyckiego we Wroc\u0142awiu\" src=\"https:\/\/www.pomniki-przyrody.pl\/wp-content\/uploads\/2015\/12\/pomnikowy-d\u0105b-szyp.-ul.-R\u00f3\u017cyckiego-we-Wroc\u0142awiu.jpg\" alt=\"\" width=\"598\" height=\"900\" srcset=\"https:\/\/www.pomniki-przyrody.pl\/wp-content\/uploads\/2015\/12\/pomnikowy-d\u0105b-szyp.-ul.-R\u00f3\u017cyckiego-we-Wroc\u0142awiu.jpg 598w, https:\/\/www.pomniki-przyrody.pl\/wp-content\/uploads\/2015\/12\/pomnikowy-d\u0105b-szyp.-ul.-R\u00f3\u017cyckiego-we-Wroc\u0142awiu-199x300.jpg 199w\" sizes=\"auto, (max-width: 598px) 100vw, 598px\" \/><\/a><a href=\"https:\/\/www.pomniki-przyrody.pl\/wp-content\/uploads\/2015\/12\/pie\u0144-pomnikowego-d\u0119bu-ul.-R\u00f3\u017cyckiego-we-Wroc\u0142awiu.jpg\"><img loading=\"lazy\" decoding=\"async\" class=\"aligncenter wp-image-8925 size-full\" title=\"pie\u0144 pomnikowego d\u0119bu - ul. R\u00f3\u017cyckiego we Wroc\u0142awiu\" src=\"https:\/\/www.pomniki-przyrody.pl\/wp-content\/uploads\/2015\/12\/pie\u0144-pomnikowego-d\u0119bu-ul.-R\u00f3\u017cyckiego-we-Wroc\u0142awiu.jpg\" alt=\"\" width=\"532\" height=\"800\" srcset=\"https:\/\/www.pomniki-przyrody.pl\/wp-content\/uploads\/2015\/12\/pie\u0144-pomnikowego-d\u0119bu-ul.-R\u00f3\u017cyckiego-we-Wroc\u0142awiu.jpg 532w, https:\/\/www.pomniki-przyrody.pl\/wp-content\/uploads\/2015\/12\/pie\u0144-pomnikowego-d\u0119bu-ul.-R\u00f3\u017cyckiego-we-Wroc\u0142awiu-200x300.jpg 200w\" sizes=\"auto, (max-width: 532px) 100vw, 532px\" \/><\/a><a href=\"https:\/\/www.pomniki-przyrody.pl\/wp-content\/uploads\/2015\/12\/pomnikowe-d\u0119by-ul.-R\u00f3\u017cyckiego-we-Wroc\u0142awiu.jpg\"><img loading=\"lazy\" decoding=\"async\" class=\"aligncenter wp-image-8929 size-full\" title=\"pomnikowe d\u0119by - ul. R\u00f3\u017cyckiego we Wroc\u0142awiu\" src=\"https:\/\/www.pomniki-przyrody.pl\/wp-content\/uploads\/2015\/12\/pomnikowe-d\u0119by-ul.-R\u00f3\u017cyckiego-we-Wroc\u0142awiu.jpg\" alt=\"\" width=\"598\" height=\"900\" srcset=\"https:\/\/www.pomniki-przyrody.pl\/wp-content\/uploads\/2015\/12\/pomnikowe-d\u0119by-ul.-R\u00f3\u017cyckiego-we-Wroc\u0142awiu.jpg 598w, https:\/\/www.pomniki-przyrody.pl\/wp-content\/uploads\/2015\/12\/pomnikowe-d\u0119by-ul.-R\u00f3\u017cyckiego-we-Wroc\u0142awiu-199x300.jpg 199w\" sizes=\"auto, (max-width: 598px) 100vw, 598px\" \/><\/a><a href=\"https:\/\/www.pomniki-przyrody.pl\/wp-content\/uploads\/2015\/12\/pomnikowe-d\u0119by-na-obrze\u017cu-Parku-Szczytnickiego.jpg\"><img loading=\"lazy\" decoding=\"async\" class=\"aligncenter wp-image-8927 size-full\" title=\"pomnikowe d\u0119by na obrze\u017cu Parku Szczytnickiego\" src=\"https:\/\/www.pomniki-przyrody.pl\/wp-content\/uploads\/2015\/12\/pomnikowe-d\u0119by-na-obrze\u017cu-Parku-Szczytnickiego.jpg\" alt=\"\" width=\"598\" height=\"900\" srcset=\"https:\/\/www.pomniki-przyrody.pl\/wp-content\/uploads\/2015\/12\/pomnikowe-d\u0119by-na-obrze\u017cu-Parku-Szczytnickiego.jpg 598w, https:\/\/www.pomniki-przyrody.pl\/wp-content\/uploads\/2015\/12\/pomnikowe-d\u0119by-na-obrze\u017cu-Parku-Szczytnickiego-199x300.jpg 199w\" sizes=\"auto, (max-width: 598px) 100vw, 598px\" \/><\/a><a href=\"https:\/\/www.pomniki-przyrody.pl\/wp-content\/uploads\/2015\/12\/pie\u0144-pomnikowego-d\u0119bu-tory-tramwajowe-przy-ul.-R\u00f3\u017cyckiego.jpg\"><img loading=\"lazy\" decoding=\"async\" class=\"aligncenter wp-image-8924 size-full\" title=\"pie\u0144 pomnikowego d\u0119bu - tory tramwajowe przy ul. R\u00f3\u017cyckiego\" src=\"https:\/\/www.pomniki-przyrody.pl\/wp-content\/uploads\/2015\/12\/pie\u0144-pomnikowego-d\u0119bu-tory-tramwajowe-przy-ul.-R\u00f3\u017cyckiego.jpg\" alt=\"\" width=\"532\" height=\"800\" srcset=\"https:\/\/www.pomniki-przyrody.pl\/wp-content\/uploads\/2015\/12\/pie\u0144-pomnikowego-d\u0119bu-tory-tramwajowe-przy-ul.-R\u00f3\u017cyckiego.jpg 532w, https:\/\/www.pomniki-przyrody.pl\/wp-content\/uploads\/2015\/12\/pie\u0144-pomnikowego-d\u0119bu-tory-tramwajowe-przy-ul.-R\u00f3\u017cyckiego-200x300.jpg 200w\" sizes=\"auto, (max-width: 532px) 100vw, 532px\" \/><\/a><\/p>\n<p>Na obrze\u017cu Parku Szczytnickiego, przy budynku Pa\u0144stwowej Inspekcji Pracy (ul. Kopernika 5), ro\u015bnie pomnikowy d\u0105b szypu\u0142kowy &#8222;Dziadek&#8221;. To ogromne drzewo mierzy w pier\u015bnicy 629 cm, wysoko\u015b\u0107 okazu 17 m, wiek ok. 440 lat.<\/p>\n<p><a href=\"https:\/\/www.pomniki-przyrody.pl\/wp-content\/uploads\/2015\/12\/d\u0105b-Jana-Stanki-we-Wroc\u0142awiu.jpg\"><img loading=\"lazy\" decoding=\"async\" class=\"aligncenter wp-image-8899 size-full\" title=\"d\u0105b Dziadek we Wroc\u0142awiu\" src=\"https:\/\/www.pomniki-przyrody.pl\/wp-content\/uploads\/2015\/12\/d\u0105b-Jana-Stanki-we-Wroc\u0142awiu.jpg\" alt=\"\" width=\"658\" height=\"900\" srcset=\"https:\/\/www.pomniki-przyrody.pl\/wp-content\/uploads\/2015\/12\/d\u0105b-Jana-Stanki-we-Wroc\u0142awiu.jpg 658w, https:\/\/www.pomniki-przyrody.pl\/wp-content\/uploads\/2015\/12\/d\u0105b-Jana-Stanki-we-Wroc\u0142awiu-219x300.jpg 219w\" sizes=\"auto, (max-width: 658px) 100vw, 658px\" \/><\/a><a href=\"https:\/\/www.pomniki-przyrody.pl\/wp-content\/uploads\/2015\/12\/pomnikowy-d\u0105b-Dziadek.jpg\"><img loading=\"lazy\" decoding=\"async\" class=\"aligncenter wp-image-8931 size-full\" title=\"pomnikowy d\u0105b Dziadek\" src=\"https:\/\/www.pomniki-przyrody.pl\/wp-content\/uploads\/2015\/12\/pomnikowy-d\u0105b-Dziadek.jpg\" alt=\"\" width=\"1000\" height=\"665\" srcset=\"https:\/\/www.pomniki-przyrody.pl\/wp-content\/uploads\/2015\/12\/pomnikowy-d\u0105b-Dziadek.jpg 1000w, https:\/\/www.pomniki-przyrody.pl\/wp-content\/uploads\/2015\/12\/pomnikowy-d\u0105b-Dziadek-300x200.jpg 300w, https:\/\/www.pomniki-przyrody.pl\/wp-content\/uploads\/2015\/12\/pomnikowy-d\u0105b-Dziadek-451x300.jpg 451w\" sizes=\"auto, (max-width: 1000px) 100vw, 1000px\" \/><\/a><a href=\"https:\/\/www.pomniki-przyrody.pl\/wp-content\/uploads\/2015\/12\/d\u0105b-Dziadek-ul.-Kopernika-we-Wroc\u0142awiu.jpg\"><img loading=\"lazy\" decoding=\"async\" class=\"aligncenter wp-image-8897 size-full\" title=\"d\u0105b Dziadek - ul. Kopernika 5 we Wroc\u0142awiu\" src=\"https:\/\/www.pomniki-przyrody.pl\/wp-content\/uploads\/2015\/12\/d\u0105b-Dziadek-ul.-Kopernika-we-Wroc\u0142awiu.jpg\" alt=\"\" width=\"900\" height=\"598\" srcset=\"https:\/\/www.pomniki-przyrody.pl\/wp-content\/uploads\/2015\/12\/d\u0105b-Dziadek-ul.-Kopernika-we-Wroc\u0142awiu.jpg 900w, https:\/\/www.pomniki-przyrody.pl\/wp-content\/uploads\/2015\/12\/d\u0105b-Dziadek-ul.-Kopernika-we-Wroc\u0142awiu-300x199.jpg 300w, https:\/\/www.pomniki-przyrody.pl\/wp-content\/uploads\/2015\/12\/d\u0105b-Dziadek-ul.-Kopernika-we-Wroc\u0142awiu-452x300.jpg 452w\" sizes=\"auto, (max-width: 900px) 100vw, 900px\" \/><\/a><a href=\"https:\/\/www.pomniki-przyrody.pl\/wp-content\/uploads\/2015\/12\/pie\u0144-d\u0119bu-Dziadek-we-Wroc\u0142awiu.jpg\"><img loading=\"lazy\" decoding=\"async\" class=\"aligncenter wp-image-8922 size-full\" title=\"pie\u0144 d\u0119bu Dziadek we Wroc\u0142awiu\" src=\"https:\/\/www.pomniki-przyrody.pl\/wp-content\/uploads\/2015\/12\/pie\u0144-d\u0119bu-Dziadek-we-Wroc\u0142awiu.jpg\" alt=\"\" width=\"1000\" height=\"665\" srcset=\"https:\/\/www.pomniki-przyrody.pl\/wp-content\/uploads\/2015\/12\/pie\u0144-d\u0119bu-Dziadek-we-Wroc\u0142awiu.jpg 1000w, https:\/\/www.pomniki-przyrody.pl\/wp-content\/uploads\/2015\/12\/pie\u0144-d\u0119bu-Dziadek-we-Wroc\u0142awiu-300x200.jpg 300w, https:\/\/www.pomniki-przyrody.pl\/wp-content\/uploads\/2015\/12\/pie\u0144-d\u0119bu-Dziadek-we-Wroc\u0142awiu-451x300.jpg 451w\" sizes=\"auto, (max-width: 1000px) 100vw, 1000px\" \/><\/a><\/p>\n","protected":false},"excerpt":{"rendered":"<p>Zlokalizowany we wschodniej cz\u0119\u015bci Wroc\u0142awia Park Szczytnicki nale\u017cy do najwi\u0119kszych (ponad 100 ha powierzchni) i najstarszych park\u00f3w w mie\u015bcie. Za\u0142o\u017cony zosta\u0142 w 1783 r. przez\u00a0Fryderyka Ludwika Hohenlohe, poszerzony i przekszta\u0142cony w II po\u0142. XIX w. w park krajobrazowy. Du\u017ce zmiany &hellip; <a href=\"https:\/\/www.pomniki-przyrody.pl\/?p=8895\">Czytaj dalej <span class=\"meta-nav\">&rarr;<\/span><\/a><\/p>\n","protected":false},"author":2,"featured_media":0,"comment_status":"open","ping_status":"open","sticky":false,"template":"","format":"standard","meta":{"footnotes":""},"categories":[1],"tags":[43,1260,1259,1258,108,1257,318,736],"class_list":["post-8895","post","type-post","status-publish","format-standard","hentry","category-przyroda-ozywiona","tag-aleja-debowa","tag-dab-dziadek","tag-dab-jana-stanki","tag-jarzab-brekinia","tag-kasztan-jadalny","tag-park-szczytnicki","tag-pomnikowe-deby","tag-wroclaw"],"_links":{"self":[{"href":"https:\/\/www.pomniki-przyrody.pl\/index.php?rest_route=\/wp\/v2\/posts\/8895","targetHints":{"allow":["GET"]}}],"collection":[{"href":"https:\/\/www.pomniki-przyrody.pl\/index.php?rest_route=\/wp\/v2\/posts"}],"about":[{"href":"https:\/\/www.pomniki-przyrody.pl\/index.php?rest_route=\/wp\/v2\/types\/post"}],"author":[{"embeddable":true,"href":"https:\/\/www.pomniki-przyrody.pl\/index.php?rest_route=\/wp\/v2\/users\/2"}],"replies":[{"embeddable":true,"href":"https:\/\/www.pomniki-przyrody.pl\/index.php?rest_route=%2Fwp%2Fv2%2Fcomments&post=8895"}],"version-history":[{"count":0,"href":"https:\/\/www.pomniki-przyrody.pl\/index.php?rest_route=\/wp\/v2\/posts\/8895\/revisions"}],"wp:attachment":[{"href":"https:\/\/www.pomniki-przyrody.pl\/index.php?rest_route=%2Fwp%2Fv2%2Fmedia&parent=8895"}],"wp:term":[{"taxonomy":"category","embeddable":true,"href":"https:\/\/www.pomniki-przyrody.pl\/index.php?rest_route=%2Fwp%2Fv2%2Fcategories&post=8895"},{"taxonomy":"post_tag","embeddable":true,"href":"https:\/\/www.pomniki-przyrody.pl\/index.php?rest_route=%2Fwp%2Fv2%2Ftags&post=8895"}],"curies":[{"name":"wp","href":"https:\/\/api.w.org\/{rel}","templated":true}]}}