{"id":8938,"date":"2015-12-27T23:29:07","date_gmt":"2015-12-27T22:29:07","guid":{"rendered":"http:\/\/www.pomniki-przyrody.pl\/?p=8938"},"modified":"2016-01-17T23:20:39","modified_gmt":"2016-01-17T22:20:39","slug":"park-strachowicki-we-wroclawiu","status":"publish","type":"post","link":"https:\/\/www.pomniki-przyrody.pl\/?p=8938","title":{"rendered":"Park Strachowicki we Wroc\u0142awiu."},"content":{"rendered":"<p>Park Strachowicki we Wroc\u0142awiu to fragment dawnego ogrodu krajobrazowego przylegaj\u0105cego do nieistniej\u0105cego ju\u017c pa\u0142acu. W obecnej formie zajmuje ok. 8 ha powierzchni, ograniczony jest ulicami\u00a0Zarembowicza oraz Graniczn\u0105 i przeci\u0119ty ul. Strachowick\u0105.<a href=\"https:\/\/www.pomniki-przyrody.pl\/wp-content\/uploads\/2015\/12\/Park-Strachowicki-we-Wroc\u0142awiu-ul.-Strachowicka.jpg\" rel=\"attachment wp-att-8956\"><img loading=\"lazy\" decoding=\"async\" class=\"aligncenter wp-image-8956 size-full\" title=\"Park Strachowicki we Wroc\u0142awiu - ul. Strachowicka\" src=\"https:\/\/www.pomniki-przyrody.pl\/wp-content\/uploads\/2015\/12\/Park-Strachowicki-we-Wroc\u0142awiu-ul.-Strachowicka.jpg\" alt=\"\" width=\"900\" height=\"598\" srcset=\"https:\/\/www.pomniki-przyrody.pl\/wp-content\/uploads\/2015\/12\/Park-Strachowicki-we-Wroc\u0142awiu-ul.-Strachowicka.jpg 900w, https:\/\/www.pomniki-przyrody.pl\/wp-content\/uploads\/2015\/12\/Park-Strachowicki-we-Wroc\u0142awiu-ul.-Strachowicka-300x199.jpg 300w, https:\/\/www.pomniki-przyrody.pl\/wp-content\/uploads\/2015\/12\/Park-Strachowicki-we-Wroc\u0142awiu-ul.-Strachowicka-452x300.jpg 452w\" sizes=\"auto, (max-width: 900px) 100vw, 900px\" \/><\/a><\/p>\n<p>Dla ma\u0142ych dzieci urz\u0105dzono w parku plac zabaw, dla starszych i doros\u0142ych pe\u0142nowymiarowe boisko do pi\u0142ki no\u017cnej.<\/p>\n<p><a href=\"https:\/\/www.pomniki-przyrody.pl\/wp-content\/uploads\/2015\/12\/plac-zabaw-w-Parku-Strachowickim.jpg\" rel=\"attachment wp-att-8959\"><img loading=\"lazy\" decoding=\"async\" class=\"aligncenter size-full wp-image-8959\" src=\"https:\/\/www.pomniki-przyrody.pl\/wp-content\/uploads\/2015\/12\/plac-zabaw-w-Parku-Strachowickim.jpg\" alt=\"plac zabaw w Parku Strachowickim\" width=\"900\" height=\"598\" srcset=\"https:\/\/www.pomniki-przyrody.pl\/wp-content\/uploads\/2015\/12\/plac-zabaw-w-Parku-Strachowickim.jpg 900w, https:\/\/www.pomniki-przyrody.pl\/wp-content\/uploads\/2015\/12\/plac-zabaw-w-Parku-Strachowickim-300x199.jpg 300w, https:\/\/www.pomniki-przyrody.pl\/wp-content\/uploads\/2015\/12\/plac-zabaw-w-Parku-Strachowickim-452x300.jpg 452w\" sizes=\"auto, (max-width: 900px) 100vw, 900px\" \/><\/a><\/p>\n<p>Park upi\u0119kszaj\u0105 oczka wodne i pod\u0142u\u017cny staw, nad kt\u00f3rym przerzucono uroczy mostek.<\/p>\n<p><a href=\"https:\/\/www.pomniki-przyrody.pl\/wp-content\/uploads\/2015\/12\/staw-w-Parku-Strachowickim-we-Wroc\u0142awiu.jpg\" rel=\"attachment wp-att-8965\"><img loading=\"lazy\" decoding=\"async\" class=\"aligncenter size-full wp-image-8965\" src=\"https:\/\/www.pomniki-przyrody.pl\/wp-content\/uploads\/2015\/12\/staw-w-Parku-Strachowickim-we-Wroc\u0142awiu.jpg\" alt=\"staw w Parku Strachowickim we Wroc\u0142awiu\" width=\"900\" height=\"598\" srcset=\"https:\/\/www.pomniki-przyrody.pl\/wp-content\/uploads\/2015\/12\/staw-w-Parku-Strachowickim-we-Wroc\u0142awiu.jpg 900w, https:\/\/www.pomniki-przyrody.pl\/wp-content\/uploads\/2015\/12\/staw-w-Parku-Strachowickim-we-Wroc\u0142awiu-300x199.jpg 300w, https:\/\/www.pomniki-przyrody.pl\/wp-content\/uploads\/2015\/12\/staw-w-Parku-Strachowickim-we-Wroc\u0142awiu-452x300.jpg 452w\" sizes=\"auto, (max-width: 900px) 100vw, 900px\" \/><\/a><\/p>\n<p>Spaceruj\u0105c alejkami parkowymi mo\u017cemy podziwia\u0107 liczne okazy starych drzew, g\u0142\u00f3wnie rodzimych gatunk\u00f3w li\u015bciastych.<\/p>\n<p><a href=\"https:\/\/www.pomniki-przyrody.pl\/wp-content\/uploads\/2015\/12\/Park-Strachowicki-we-Wroc\u0142awiu.jpg\" rel=\"attachment wp-att-8957\"><img loading=\"lazy\" decoding=\"async\" class=\"aligncenter wp-image-8957 size-full\" title=\"Park Strachowicki we Wroc\u0142awiu\" src=\"https:\/\/www.pomniki-przyrody.pl\/wp-content\/uploads\/2015\/12\/Park-Strachowicki-we-Wroc\u0142awiu.jpg\" alt=\"\" width=\"900\" height=\"598\" srcset=\"https:\/\/www.pomniki-przyrody.pl\/wp-content\/uploads\/2015\/12\/Park-Strachowicki-we-Wroc\u0142awiu.jpg 900w, https:\/\/www.pomniki-przyrody.pl\/wp-content\/uploads\/2015\/12\/Park-Strachowicki-we-Wroc\u0142awiu-300x199.jpg 300w, https:\/\/www.pomniki-przyrody.pl\/wp-content\/uploads\/2015\/12\/Park-Strachowicki-we-Wroc\u0142awiu-452x300.jpg 452w\" sizes=\"auto, (max-width: 900px) 100vw, 900px\" \/><\/a><a href=\"https:\/\/www.pomniki-przyrody.pl\/wp-content\/uploads\/2015\/12\/Park-Strachowicki-we-Wroc\u0142awiu-okaza\u0142y-d\u0105b.jpg\" rel=\"attachment wp-att-8945\"><img loading=\"lazy\" decoding=\"async\" class=\"aligncenter wp-image-8945 size-full\" title=\"Park Strachowicki we Wroc\u0142awiu - okaza\u0142y d\u0105b\" src=\"https:\/\/www.pomniki-przyrody.pl\/wp-content\/uploads\/2015\/12\/Park-Strachowicki-we-Wroc\u0142awiu-okaza\u0142y-d\u0105b.jpg\" alt=\"\" width=\"598\" height=\"900\" srcset=\"https:\/\/www.pomniki-przyrody.pl\/wp-content\/uploads\/2015\/12\/Park-Strachowicki-we-Wroc\u0142awiu-okaza\u0142y-d\u0105b.jpg 598w, https:\/\/www.pomniki-przyrody.pl\/wp-content\/uploads\/2015\/12\/Park-Strachowicki-we-Wroc\u0142awiu-okaza\u0142y-d\u0105b-199x300.jpg 199w\" sizes=\"auto, (max-width: 598px) 100vw, 598px\" \/><\/a><a href=\"https:\/\/www.pomniki-przyrody.pl\/wp-content\/uploads\/2015\/12\/Park-Strachowicki-we-Wroc\u0142awiu-okaza\u0142y-buk.jpg\" rel=\"attachment wp-att-8944\"><img loading=\"lazy\" decoding=\"async\" class=\"aligncenter wp-image-8944 size-full\" title=\"Park Strachowicki we Wroc\u0142awiu - okaza\u0142y buk\" src=\"https:\/\/www.pomniki-przyrody.pl\/wp-content\/uploads\/2015\/12\/Park-Strachowicki-we-Wroc\u0142awiu-okaza\u0142y-buk.jpg\" alt=\"\" width=\"598\" height=\"900\" srcset=\"https:\/\/www.pomniki-przyrody.pl\/wp-content\/uploads\/2015\/12\/Park-Strachowicki-we-Wroc\u0142awiu-okaza\u0142y-buk.jpg 598w, https:\/\/www.pomniki-przyrody.pl\/wp-content\/uploads\/2015\/12\/Park-Strachowicki-we-Wroc\u0142awiu-okaza\u0142y-buk-199x300.jpg 199w\" sizes=\"auto, (max-width: 598px) 100vw, 598px\" \/><\/a><\/p>\n<p>Ochron\u0105 pomnikow\u0105 obj\u0119to tu 5 egzemplarzy drzew, wszystkie oznakowano stosown\u0105 tabliczk\u0105. W p\u00f3\u0142nocnej cz\u0119\u015bci parku, tu\u017c przy ulicy Strachowickiej, ro\u015bnie pomnikowy <strong>buk pospolity<\/strong> o obwodzie 334 cm i wysoko\u015bci 28 m.<\/p>\n<p><a href=\"https:\/\/www.pomniki-przyrody.pl\/wp-content\/uploads\/2015\/12\/Park-Strachowicki-we-Wroc\u0142awiu-pomnikowy-buk.jpg\" rel=\"attachment wp-att-8950\"><img loading=\"lazy\" decoding=\"async\" class=\"aligncenter wp-image-8950 size-full\" title=\"Park Strachowicki we Wroc\u0142awiu - pomnikowy buk\" src=\"https:\/\/www.pomniki-przyrody.pl\/wp-content\/uploads\/2015\/12\/Park-Strachowicki-we-Wroc\u0142awiu-pomnikowy-buk.jpg\" alt=\"\" width=\"598\" height=\"900\" srcset=\"https:\/\/www.pomniki-przyrody.pl\/wp-content\/uploads\/2015\/12\/Park-Strachowicki-we-Wroc\u0142awiu-pomnikowy-buk.jpg 598w, https:\/\/www.pomniki-przyrody.pl\/wp-content\/uploads\/2015\/12\/Park-Strachowicki-we-Wroc\u0142awiu-pomnikowy-buk-199x300.jpg 199w\" sizes=\"auto, (max-width: 598px) 100vw, 598px\" \/><\/a><a href=\"https:\/\/www.pomniki-przyrody.pl\/wp-content\/uploads\/2015\/12\/pomnikowy-buk-w-Parku-Strachowickim-we-Wroc\u0142awiu.jpg\" rel=\"attachment wp-att-8962\"><img loading=\"lazy\" decoding=\"async\" class=\"aligncenter wp-image-8962 size-full\" title=\"pomnikowy buk w Parku Strachowickim we Wroc\u0142awiu\" src=\"https:\/\/www.pomniki-przyrody.pl\/wp-content\/uploads\/2015\/12\/pomnikowy-buk-w-Parku-Strachowickim-we-Wroc\u0142awiu.jpg\" alt=\"\" width=\"598\" height=\"900\" srcset=\"https:\/\/www.pomniki-przyrody.pl\/wp-content\/uploads\/2015\/12\/pomnikowy-buk-w-Parku-Strachowickim-we-Wroc\u0142awiu.jpg 598w, https:\/\/www.pomniki-przyrody.pl\/wp-content\/uploads\/2015\/12\/pomnikowy-buk-w-Parku-Strachowickim-we-Wroc\u0142awiu-199x300.jpg 199w\" sizes=\"auto, (max-width: 598px) 100vw, 598px\" \/><\/a><a href=\"https:\/\/www.pomniki-przyrody.pl\/wp-content\/uploads\/2015\/12\/Park-Strachowicki-we-Wroc\u0142awiu-pie\u0144-pomnikowego-buka.jpg\" rel=\"attachment wp-att-8946\"><img loading=\"lazy\" decoding=\"async\" class=\"aligncenter wp-image-8946 size-full\" title=\"Park Strachowicki we Wroc\u0142awiu - pie\u0144 pomnikowego buka\" src=\"https:\/\/www.pomniki-przyrody.pl\/wp-content\/uploads\/2015\/12\/Park-Strachowicki-we-Wroc\u0142awiu-pie\u0144-pomnikowego-buka.jpg\" alt=\"\" width=\"598\" height=\"900\" srcset=\"https:\/\/www.pomniki-przyrody.pl\/wp-content\/uploads\/2015\/12\/Park-Strachowicki-we-Wroc\u0142awiu-pie\u0144-pomnikowego-buka.jpg 598w, https:\/\/www.pomniki-przyrody.pl\/wp-content\/uploads\/2015\/12\/Park-Strachowicki-we-Wroc\u0142awiu-pie\u0144-pomnikowego-buka-199x300.jpg 199w\" sizes=\"auto, (max-width: 598px) 100vw, 598px\" \/><\/a><\/p>\n<p>Przy jednej z alejek parkowych ro\u015bnie rzadki okaz <strong>d\u0119bu b\u0142otnego<\/strong> o statusie pomnika przyrody. Drzewo mierzy w obwodzie 290 cm, wysoko\u015b\u0107 d\u0119bu 31 m..<\/p>\n<p><a href=\"https:\/\/www.pomniki-przyrody.pl\/wp-content\/uploads\/2015\/12\/Park-Strachowicki-we-Wroc\u0142awiu-pomnikowy-d\u0105b-b\u0142otny.jpg\" rel=\"attachment wp-att-8953\"><img loading=\"lazy\" decoding=\"async\" class=\"aligncenter wp-image-8953 size-full\" title=\"Park Strachowicki we Wroc\u0142awiu - pomnikowy d\u0105b b\u0142otny\" src=\"https:\/\/www.pomniki-przyrody.pl\/wp-content\/uploads\/2015\/12\/Park-Strachowicki-we-Wroc\u0142awiu-pomnikowy-d\u0105b-b\u0142otny.jpg\" alt=\"\" width=\"630\" height=\"900\" srcset=\"https:\/\/www.pomniki-przyrody.pl\/wp-content\/uploads\/2015\/12\/Park-Strachowicki-we-Wroc\u0142awiu-pomnikowy-d\u0105b-b\u0142otny.jpg 630w, https:\/\/www.pomniki-przyrody.pl\/wp-content\/uploads\/2015\/12\/Park-Strachowicki-we-Wroc\u0142awiu-pomnikowy-d\u0105b-b\u0142otny-210x300.jpg 210w\" sizes=\"auto, (max-width: 630px) 100vw, 630px\" \/><\/a><a href=\"https:\/\/www.pomniki-przyrody.pl\/wp-content\/uploads\/2015\/12\/pomnikowy-d\u0105b-b\u0142otny-w-Parku-Strachowickim-we-Wroc\u0142awiu.jpg\" rel=\"attachment wp-att-8963\"><img loading=\"lazy\" decoding=\"async\" class=\"aligncenter wp-image-8963 size-full\" title=\"pomnikowy d\u0105b b\u0142otny w Parku Strachowickim we Wroc\u0142awiu\" src=\"https:\/\/www.pomniki-przyrody.pl\/wp-content\/uploads\/2015\/12\/pomnikowy-d\u0105b-b\u0142otny-w-Parku-Strachowickim-we-Wroc\u0142awiu.jpg\" alt=\"\" width=\"598\" height=\"900\" srcset=\"https:\/\/www.pomniki-przyrody.pl\/wp-content\/uploads\/2015\/12\/pomnikowy-d\u0105b-b\u0142otny-w-Parku-Strachowickim-we-Wroc\u0142awiu.jpg 598w, https:\/\/www.pomniki-przyrody.pl\/wp-content\/uploads\/2015\/12\/pomnikowy-d\u0105b-b\u0142otny-w-Parku-Strachowickim-we-Wroc\u0142awiu-199x300.jpg 199w\" sizes=\"auto, (max-width: 598px) 100vw, 598px\" \/><\/a><a href=\"https:\/\/www.pomniki-przyrody.pl\/wp-content\/uploads\/2015\/12\/li\u015bcie-d\u0119bu-b\u0142otnego.jpg\" rel=\"attachment wp-att-8940\"><img loading=\"lazy\" decoding=\"async\" class=\"aligncenter wp-image-8940 size-full\" title=\"li\u015bcie d\u0119bu b\u0142otnego\" src=\"https:\/\/www.pomniki-przyrody.pl\/wp-content\/uploads\/2015\/12\/li\u015bcie-d\u0119bu-b\u0142otnego.jpg\" alt=\"\" width=\"700\" height=\"465\" srcset=\"https:\/\/www.pomniki-przyrody.pl\/wp-content\/uploads\/2015\/12\/li\u015bcie-d\u0119bu-b\u0142otnego.jpg 700w, https:\/\/www.pomniki-przyrody.pl\/wp-content\/uploads\/2015\/12\/li\u015bcie-d\u0119bu-b\u0142otnego-300x199.jpg 300w, https:\/\/www.pomniki-przyrody.pl\/wp-content\/uploads\/2015\/12\/li\u015bcie-d\u0119bu-b\u0142otnego-452x300.jpg 452w\" sizes=\"auto, (max-width: 700px) 100vw, 700px\" \/><\/a><a href=\"https:\/\/www.pomniki-przyrody.pl\/wp-content\/uploads\/2015\/12\/Park-Strachowicki-we-Wroc\u0142awiu-pie\u0144-pomnikowego-d\u0119bu-b\u0142otnego.jpg\" rel=\"attachment wp-att-8947\"><img loading=\"lazy\" decoding=\"async\" class=\"aligncenter wp-image-8947 size-full\" title=\"Park Strachowicki we Wroc\u0142awiu - pie\u0144 pomnikowego d\u0119bu b\u0142otnego\" src=\"https:\/\/www.pomniki-przyrody.pl\/wp-content\/uploads\/2015\/12\/Park-Strachowicki-we-Wroc\u0142awiu-pie\u0144-pomnikowego-d\u0119bu-b\u0142otnego.jpg\" alt=\"\" width=\"598\" height=\"900\" srcset=\"https:\/\/www.pomniki-przyrody.pl\/wp-content\/uploads\/2015\/12\/Park-Strachowicki-we-Wroc\u0142awiu-pie\u0144-pomnikowego-d\u0119bu-b\u0142otnego.jpg 598w, https:\/\/www.pomniki-przyrody.pl\/wp-content\/uploads\/2015\/12\/Park-Strachowicki-we-Wroc\u0142awiu-pie\u0144-pomnikowego-d\u0119bu-b\u0142otnego-199x300.jpg 199w\" sizes=\"auto, (max-width: 598px) 100vw, 598px\" \/><\/a><\/p>\n<p>Przy alejce biegn\u0105cej wzd\u0142u\u017c stawu ro\u015bnie pomnikowy <strong>d\u0105b szypu\u0142kowy<\/strong>; okaz mierzy w pier\u015bnicy 437 cm, wysoko\u015b\u0107 drzewa 33 m.<\/p>\n<p><a href=\"https:\/\/www.pomniki-przyrody.pl\/wp-content\/uploads\/2015\/12\/Park-Strachowicki-we-Wroc\u0142awiu-pomnikowy-d\u0105b-szypu\u0142kowy.jpg\" rel=\"attachment wp-att-8954\"><img loading=\"lazy\" decoding=\"async\" class=\"aligncenter wp-image-8954 size-full\" title=\"Park Strachowicki we Wroc\u0142awiu - pomnikowy d\u0105b szypu\u0142kowy\" src=\"https:\/\/www.pomniki-przyrody.pl\/wp-content\/uploads\/2015\/12\/Park-Strachowicki-we-Wroc\u0142awiu-pomnikowy-d\u0105b-szypu\u0142kowy.jpg\" alt=\"\" width=\"598\" height=\"900\" srcset=\"https:\/\/www.pomniki-przyrody.pl\/wp-content\/uploads\/2015\/12\/Park-Strachowicki-we-Wroc\u0142awiu-pomnikowy-d\u0105b-szypu\u0142kowy.jpg 598w, https:\/\/www.pomniki-przyrody.pl\/wp-content\/uploads\/2015\/12\/Park-Strachowicki-we-Wroc\u0142awiu-pomnikowy-d\u0105b-szypu\u0142kowy-199x300.jpg 199w\" sizes=\"auto, (max-width: 598px) 100vw, 598px\" \/><\/a><a href=\"https:\/\/www.pomniki-przyrody.pl\/wp-content\/uploads\/2015\/12\/pomnikowy-d\u0105b-szypu\u0142kowy-w-Parku-Strachowickim.jpg\" rel=\"attachment wp-att-8964\"><img loading=\"lazy\" decoding=\"async\" class=\"aligncenter wp-image-8964 size-full\" title=\"pomnikowy d\u0105b szypu\u0142kowy w Parku Strachowickim\" src=\"https:\/\/www.pomniki-przyrody.pl\/wp-content\/uploads\/2015\/12\/pomnikowy-d\u0105b-szypu\u0142kowy-w-Parku-Strachowickim.jpg\" alt=\"\" width=\"598\" height=\"900\" srcset=\"https:\/\/www.pomniki-przyrody.pl\/wp-content\/uploads\/2015\/12\/pomnikowy-d\u0105b-szypu\u0142kowy-w-Parku-Strachowickim.jpg 598w, https:\/\/www.pomniki-przyrody.pl\/wp-content\/uploads\/2015\/12\/pomnikowy-d\u0105b-szypu\u0142kowy-w-Parku-Strachowickim-199x300.jpg 199w\" sizes=\"auto, (max-width: 598px) 100vw, 598px\" \/><\/a><a href=\"https:\/\/www.pomniki-przyrody.pl\/wp-content\/uploads\/2015\/12\/Park-Strachowicki-we-Wroc\u0142awiu-pie\u0144-pomnikowego-d\u0119bu-szypu\u0142kowego.jpg\" rel=\"attachment wp-att-8948\"><img loading=\"lazy\" decoding=\"async\" class=\"aligncenter wp-image-8948 size-full\" title=\"Park Strachowicki we Wroc\u0142awiu - pie\u0144 pomnikowego d\u0119bu szypu\u0142kowego\" src=\"https:\/\/www.pomniki-przyrody.pl\/wp-content\/uploads\/2015\/12\/Park-Strachowicki-we-Wroc\u0142awiu-pie\u0144-pomnikowego-d\u0119bu-szypu\u0142kowego.jpg\" alt=\"\" width=\"598\" height=\"900\" srcset=\"https:\/\/www.pomniki-przyrody.pl\/wp-content\/uploads\/2015\/12\/Park-Strachowicki-we-Wroc\u0142awiu-pie\u0144-pomnikowego-d\u0119bu-szypu\u0142kowego.jpg 598w, https:\/\/www.pomniki-przyrody.pl\/wp-content\/uploads\/2015\/12\/Park-Strachowicki-we-Wroc\u0142awiu-pie\u0144-pomnikowego-d\u0119bu-szypu\u0142kowego-199x300.jpg 199w\" sizes=\"auto, (max-width: 598px) 100vw, 598px\" \/><\/a><\/p>\n<p>Aby trafi\u0107 do kolejnych pomnikowych drzew nale\u017cy wr\u00f3ci\u0107 na ul. Strachowick\u0105 i przej\u015b\u0107 do skrzy\u017cowania z ul. Zarembowicza. Rosn\u0105ca na skwerze grupa cis\u00f3w ozdabia\u0142a niegdy\u015b wej\u015bcie do pa\u0142acu.<\/p>\n<p><a href=\"https:\/\/www.pomniki-przyrody.pl\/wp-content\/uploads\/2015\/12\/Park-Strachowicki-we-Wroc\u0142awiu-grupa-okaza\u0142ych-cis\u00f3w.jpg\" rel=\"attachment wp-att-8943\"><img loading=\"lazy\" decoding=\"async\" class=\"aligncenter wp-image-8943 size-full\" title=\"Park Strachowicki we Wroc\u0142awiu - grupa okaza\u0142ych cis\u00f3w\" src=\"https:\/\/www.pomniki-przyrody.pl\/wp-content\/uploads\/2015\/12\/Park-Strachowicki-we-Wroc\u0142awiu-grupa-okaza\u0142ych-cis\u00f3w.jpg\" alt=\"\" width=\"900\" height=\"598\" srcset=\"https:\/\/www.pomniki-przyrody.pl\/wp-content\/uploads\/2015\/12\/Park-Strachowicki-we-Wroc\u0142awiu-grupa-okaza\u0142ych-cis\u00f3w.jpg 900w, https:\/\/www.pomniki-przyrody.pl\/wp-content\/uploads\/2015\/12\/Park-Strachowicki-we-Wroc\u0142awiu-grupa-okaza\u0142ych-cis\u00f3w-300x199.jpg 300w, https:\/\/www.pomniki-przyrody.pl\/wp-content\/uploads\/2015\/12\/Park-Strachowicki-we-Wroc\u0142awiu-grupa-okaza\u0142ych-cis\u00f3w-452x300.jpg 452w\" sizes=\"auto, (max-width: 900px) 100vw, 900px\" \/><\/a><\/p>\n<p>Boki nieistniej\u0105cego pa\u0142acu obsadzono platanami klonolistnymi.<\/p>\n<p><a href=\"https:\/\/www.pomniki-przyrody.pl\/wp-content\/uploads\/2015\/12\/platany-i-kasztanowiec-w-Parku-Strachowickim-we-Wroc\u0142awiu.jpg\" rel=\"attachment wp-att-8960\"><img loading=\"lazy\" decoding=\"async\" class=\"aligncenter wp-image-8960 size-full\" title=\"platany i kasztanowiec w Parku Strachowickim we Wroc\u0142awiu\" src=\"https:\/\/www.pomniki-przyrody.pl\/wp-content\/uploads\/2015\/12\/platany-i-kasztanowiec-w-Parku-Strachowickim-we-Wroc\u0142awiu.jpg\" alt=\"\" width=\"900\" height=\"598\" srcset=\"https:\/\/www.pomniki-przyrody.pl\/wp-content\/uploads\/2015\/12\/platany-i-kasztanowiec-w-Parku-Strachowickim-we-Wroc\u0142awiu.jpg 900w, https:\/\/www.pomniki-przyrody.pl\/wp-content\/uploads\/2015\/12\/platany-i-kasztanowiec-w-Parku-Strachowickim-we-Wroc\u0142awiu-300x199.jpg 300w, https:\/\/www.pomniki-przyrody.pl\/wp-content\/uploads\/2015\/12\/platany-i-kasztanowiec-w-Parku-Strachowickim-we-Wroc\u0142awiu-452x300.jpg 452w\" sizes=\"auto, (max-width: 900px) 100vw, 900px\" \/><\/a><a href=\"https:\/\/www.pomniki-przyrody.pl\/wp-content\/uploads\/2015\/12\/platany-w-Parku-Strachowickim-we-Wroc\u0142awiu.jpg\" rel=\"attachment wp-att-8961\"><img loading=\"lazy\" decoding=\"async\" class=\"aligncenter wp-image-8961 size-full\" title=\"platany w Parku Strachowickim we Wroc\u0142awiu\" src=\"https:\/\/www.pomniki-przyrody.pl\/wp-content\/uploads\/2015\/12\/platany-w-Parku-Strachowickim-we-Wroc\u0142awiu.jpg\" alt=\"\" width=\"900\" height=\"632\" srcset=\"https:\/\/www.pomniki-przyrody.pl\/wp-content\/uploads\/2015\/12\/platany-w-Parku-Strachowickim-we-Wroc\u0142awiu.jpg 900w, https:\/\/www.pomniki-przyrody.pl\/wp-content\/uploads\/2015\/12\/platany-w-Parku-Strachowickim-we-Wroc\u0142awiu-300x211.jpg 300w, https:\/\/www.pomniki-przyrody.pl\/wp-content\/uploads\/2015\/12\/platany-w-Parku-Strachowickim-we-Wroc\u0142awiu-427x300.jpg 427w\" sizes=\"auto, (max-width: 900px) 100vw, 900px\" \/><\/a><\/p>\n<p>Trzy z widocznych wy\u017cej platan\u00f3w posiadaj\u0105 do\u015b\u0107 du\u017ce ubytki pnia, jeden zdrowy okaz <strong>platana klonolistnego<\/strong> og\u0142oszono pomnikiem przyrody.<\/p>\n<p><a href=\"https:\/\/www.pomniki-przyrody.pl\/wp-content\/uploads\/2015\/12\/fragment-Parku-Strachowickiego-we-Wroc\u0142awiu.jpg\" rel=\"attachment wp-att-8939\"><img loading=\"lazy\" decoding=\"async\" class=\"aligncenter wp-image-8939 size-full\" title=\"fragment Parku Strachowickiego we Wroc\u0142awiu\" src=\"https:\/\/www.pomniki-przyrody.pl\/wp-content\/uploads\/2015\/12\/fragment-Parku-Strachowickiego-we-Wroc\u0142awiu.jpg\" alt=\"\" width=\"900\" height=\"598\" srcset=\"https:\/\/www.pomniki-przyrody.pl\/wp-content\/uploads\/2015\/12\/fragment-Parku-Strachowickiego-we-Wroc\u0142awiu.jpg 900w, https:\/\/www.pomniki-przyrody.pl\/wp-content\/uploads\/2015\/12\/fragment-Parku-Strachowickiego-we-Wroc\u0142awiu-300x199.jpg 300w, https:\/\/www.pomniki-przyrody.pl\/wp-content\/uploads\/2015\/12\/fragment-Parku-Strachowickiego-we-Wroc\u0142awiu-452x300.jpg 452w\" sizes=\"auto, (max-width: 900px) 100vw, 900px\" \/><\/a><a href=\"https:\/\/www.pomniki-przyrody.pl\/wp-content\/uploads\/2015\/12\/Park-Strachowicki-we-Wroc\u0142awiu-pomnikowy-platan.jpg\" rel=\"attachment wp-att-8955\"><img loading=\"lazy\" decoding=\"async\" class=\"aligncenter wp-image-8955 size-full\" title=\"Park Strachowicki we Wroc\u0142awiu - pomnikowy platan\" src=\"https:\/\/www.pomniki-przyrody.pl\/wp-content\/uploads\/2015\/12\/Park-Strachowicki-we-Wroc\u0142awiu-pomnikowy-platan.jpg\" alt=\"\" width=\"598\" height=\"900\" srcset=\"https:\/\/www.pomniki-przyrody.pl\/wp-content\/uploads\/2015\/12\/Park-Strachowicki-we-Wroc\u0142awiu-pomnikowy-platan.jpg 598w, https:\/\/www.pomniki-przyrody.pl\/wp-content\/uploads\/2015\/12\/Park-Strachowicki-we-Wroc\u0142awiu-pomnikowy-platan-199x300.jpg 199w\" sizes=\"auto, (max-width: 598px) 100vw, 598px\" \/><\/a><\/p>\n<p>Egzemplarz mierzy 28 m wysoko\u015bci i posiada pie\u0144 o obwodzie 410 cm.<\/p>\n<p><a href=\"https:\/\/www.pomniki-przyrody.pl\/wp-content\/uploads\/2015\/12\/Park-Strachowicki-we-Wroc\u0142awiu-pie\u0144-pomnikowego-platana.jpg\" rel=\"attachment wp-att-8949\"><img loading=\"lazy\" decoding=\"async\" class=\"aligncenter wp-image-8949 size-full\" title=\"Park Strachowicki we Wroc\u0142awiu - pie\u0144 pomnikowego platana\" src=\"https:\/\/www.pomniki-przyrody.pl\/wp-content\/uploads\/2015\/12\/Park-Strachowicki-we-Wroc\u0142awiu-pie\u0144-pomnikowego-platana.jpg\" alt=\"\" width=\"598\" height=\"900\" srcset=\"https:\/\/www.pomniki-przyrody.pl\/wp-content\/uploads\/2015\/12\/Park-Strachowicki-we-Wroc\u0142awiu-pie\u0144-pomnikowego-platana.jpg 598w, https:\/\/www.pomniki-przyrody.pl\/wp-content\/uploads\/2015\/12\/Park-Strachowicki-we-Wroc\u0142awiu-pie\u0144-pomnikowego-platana-199x300.jpg 199w\" sizes=\"auto, (max-width: 598px) 100vw, 598px\" \/><\/a><a href=\"https:\/\/www.pomniki-przyrody.pl\/wp-content\/uploads\/2015\/12\/owoce-platana-klonolistnego.jpg\" rel=\"attachment wp-att-8941\"><img loading=\"lazy\" decoding=\"async\" class=\"aligncenter wp-image-8941 size-full\" title=\"owoce platana klonolistnego\" src=\"https:\/\/www.pomniki-przyrody.pl\/wp-content\/uploads\/2015\/12\/owoce-platana-klonolistnego.jpg\" alt=\"\" width=\"532\" height=\"800\" srcset=\"https:\/\/www.pomniki-przyrody.pl\/wp-content\/uploads\/2015\/12\/owoce-platana-klonolistnego.jpg 532w, https:\/\/www.pomniki-przyrody.pl\/wp-content\/uploads\/2015\/12\/owoce-platana-klonolistnego-200x300.jpg 200w\" sizes=\"auto, (max-width: 532px) 100vw, 532px\" \/><\/a><\/p>\n<p>Najciekawszym pomnikowym okazem w parku jest <strong>cypry\u015bnik b\u0142otny<\/strong>, rosn\u0105cy obok murku oporowego, przy oczku wodnym. Egzemplarz mierzy w obwodzie 267 cm, wysoko\u015b\u0107 drzewa 13 metr\u00f3w.<\/p>\n<p><a href=\"https:\/\/www.pomniki-przyrody.pl\/wp-content\/uploads\/2015\/12\/Park-Strachowicki-we-Wroc\u0142awiu-pomnikowy-cypry\u015bnik-b\u0142otny.jpg\" rel=\"attachment wp-att-8951\"><img loading=\"lazy\" decoding=\"async\" class=\"aligncenter wp-image-8951 size-full\" title=\"Park Strachowicki we Wroc\u0142awiu - pomnikowy cypry\u015bnik b\u0142otny\" src=\"https:\/\/www.pomniki-przyrody.pl\/wp-content\/uploads\/2015\/12\/Park-Strachowicki-we-Wroc\u0142awiu-pomnikowy-cypry\u015bnik-b\u0142otny.jpg\" alt=\"\" width=\"598\" height=\"900\" srcset=\"https:\/\/www.pomniki-przyrody.pl\/wp-content\/uploads\/2015\/12\/Park-Strachowicki-we-Wroc\u0142awiu-pomnikowy-cypry\u015bnik-b\u0142otny.jpg 598w, https:\/\/www.pomniki-przyrody.pl\/wp-content\/uploads\/2015\/12\/Park-Strachowicki-we-Wroc\u0142awiu-pomnikowy-cypry\u015bnik-b\u0142otny-199x300.jpg 199w\" sizes=\"auto, (max-width: 598px) 100vw, 598px\" \/><\/a><a href=\"https:\/\/www.pomniki-przyrody.pl\/wp-content\/uploads\/2015\/12\/Park-Strachowicki-we-Wroc\u0142awiu-pomnikowy-cypry\u015bnik.jpg\" rel=\"attachment wp-att-8952\"><img loading=\"lazy\" decoding=\"async\" class=\"aligncenter wp-image-8952 size-full\" title=\"Park Strachowicki we Wroc\u0142awiu - pomnikowy cypry\u015bnik\" src=\"https:\/\/www.pomniki-przyrody.pl\/wp-content\/uploads\/2015\/12\/Park-Strachowicki-we-Wroc\u0142awiu-pomnikowy-cypry\u015bnik.jpg\" alt=\"\" width=\"630\" height=\"900\" srcset=\"https:\/\/www.pomniki-przyrody.pl\/wp-content\/uploads\/2015\/12\/Park-Strachowicki-we-Wroc\u0142awiu-pomnikowy-cypry\u015bnik.jpg 630w, https:\/\/www.pomniki-przyrody.pl\/wp-content\/uploads\/2015\/12\/Park-Strachowicki-we-Wroc\u0142awiu-pomnikowy-cypry\u015bnik-210x300.jpg 210w\" sizes=\"auto, (max-width: 630px) 100vw, 630px\" \/><\/a><a href=\"https:\/\/www.pomniki-przyrody.pl\/wp-content\/uploads\/2015\/12\/Park-Strachowicki-pomnikowy-cypry\u015bnik-b\u0142otny.jpg\" rel=\"attachment wp-att-8942\"><img loading=\"lazy\" decoding=\"async\" class=\"aligncenter wp-image-8942 size-full\" title=\"Park Strachowicki - pomnikowy cypry\u015bnik b\u0142otny\" src=\"https:\/\/www.pomniki-przyrody.pl\/wp-content\/uploads\/2015\/12\/Park-Strachowicki-pomnikowy-cypry\u015bnik-b\u0142otny.jpg\" alt=\"\" width=\"598\" height=\"900\" srcset=\"https:\/\/www.pomniki-przyrody.pl\/wp-content\/uploads\/2015\/12\/Park-Strachowicki-pomnikowy-cypry\u015bnik-b\u0142otny.jpg 598w, https:\/\/www.pomniki-przyrody.pl\/wp-content\/uploads\/2015\/12\/Park-Strachowicki-pomnikowy-cypry\u015bnik-b\u0142otny-199x300.jpg 199w\" sizes=\"auto, (max-width: 598px) 100vw, 598px\" \/><\/a>Cypry\u015bnik b\u0142otny to rzadko spotykany w Polsce gatunek drzewa parkowego. Szkoda, \u017ce ten okaz s\u0142abo wykszta\u0142ci\u0142 charakterystyczne dla niego korzenie oddechowe, zwane pneumatoforami (mo\u017cna je zobaczy\u0107 w tym <span style=\"color: #0000ff;\"><a style=\"color: #0000ff;\" href=\"https:\/\/www.pomniki-przyrody.pl\/?p=2071\">artykule<\/a><\/span>).<\/p>\n<p><a href=\"https:\/\/www.pomniki-przyrody.pl\/wp-content\/uploads\/2015\/12\/pie\u0144-pomnikowego-cypry\u015bnika-b\u0142otnego-w-Parku-Strachowickim.jpg\" rel=\"attachment wp-att-8958\"><img loading=\"lazy\" decoding=\"async\" class=\"aligncenter wp-image-8958 size-full\" title=\"pie\u0144 pomnikowego cypry\u015bnika b\u0142otnego w Parku Strachowickim\" src=\"https:\/\/www.pomniki-przyrody.pl\/wp-content\/uploads\/2015\/12\/pie\u0144-pomnikowego-cypry\u015bnika-b\u0142otnego-w-Parku-Strachowickim.jpg\" alt=\"\" width=\"598\" height=\"900\" srcset=\"https:\/\/www.pomniki-przyrody.pl\/wp-content\/uploads\/2015\/12\/pie\u0144-pomnikowego-cypry\u015bnika-b\u0142otnego-w-Parku-Strachowickim.jpg 598w, https:\/\/www.pomniki-przyrody.pl\/wp-content\/uploads\/2015\/12\/pie\u0144-pomnikowego-cypry\u015bnika-b\u0142otnego-w-Parku-Strachowickim-199x300.jpg 199w\" sizes=\"auto, (max-width: 598px) 100vw, 598px\" \/><\/a><a href=\"https:\/\/www.pomniki-przyrody.pl\/wp-content\/uploads\/2015\/12\/szyszka-cypry\u015bnika-b\u0142otnego.jpg\" rel=\"attachment wp-att-8966\"><img loading=\"lazy\" decoding=\"async\" class=\"aligncenter wp-image-8966 size-full\" title=\"szyszka cypry\u015bnika b\u0142otnego\" src=\"https:\/\/www.pomniki-przyrody.pl\/wp-content\/uploads\/2015\/12\/szyszka-cypry\u015bnika-b\u0142otnego.jpg\" alt=\"\" width=\"598\" height=\"547\" srcset=\"https:\/\/www.pomniki-przyrody.pl\/wp-content\/uploads\/2015\/12\/szyszka-cypry\u015bnika-b\u0142otnego.jpg 598w, https:\/\/www.pomniki-przyrody.pl\/wp-content\/uploads\/2015\/12\/szyszka-cypry\u015bnika-b\u0142otnego-300x274.jpg 300w, https:\/\/www.pomniki-przyrody.pl\/wp-content\/uploads\/2015\/12\/szyszka-cypry\u015bnika-b\u0142otnego-328x300.jpg 328w\" sizes=\"auto, (max-width: 598px) 100vw, 598px\" \/><\/a><\/p>\n","protected":false},"excerpt":{"rendered":"<p>Park Strachowicki we Wroc\u0142awiu to fragment dawnego ogrodu krajobrazowego przylegaj\u0105cego do nieistniej\u0105cego ju\u017c pa\u0142acu. W obecnej formie zajmuje ok. 8 ha powierzchni, ograniczony jest ulicami\u00a0Zarembowicza oraz Graniczn\u0105 i przeci\u0119ty ul. Strachowick\u0105. Dla ma\u0142ych dzieci urz\u0105dzono w parku plac zabaw, dla &hellip; <a href=\"https:\/\/www.pomniki-przyrody.pl\/?p=8938\">Czytaj dalej <span class=\"meta-nav\">&rarr;<\/span><\/a><\/p>\n","protected":false},"author":2,"featured_media":0,"comment_status":"open","ping_status":"open","sticky":false,"template":"","format":"standard","meta":{"footnotes":""},"categories":[1],"tags":[329,1263,1262,17,318,1261,736],"class_list":["post-8938","post","type-post","status-publish","format-standard","hentry","category-przyroda-ozywiona","tag-cyprysnik-blotny","tag-dab-blotny","tag-park-strachowicki","tag-platan","tag-pomnikowe-deby","tag-strachowice","tag-wroclaw"],"_links":{"self":[{"href":"https:\/\/www.pomniki-przyrody.pl\/index.php?rest_route=\/wp\/v2\/posts\/8938","targetHints":{"allow":["GET"]}}],"collection":[{"href":"https:\/\/www.pomniki-przyrody.pl\/index.php?rest_route=\/wp\/v2\/posts"}],"about":[{"href":"https:\/\/www.pomniki-przyrody.pl\/index.php?rest_route=\/wp\/v2\/types\/post"}],"author":[{"embeddable":true,"href":"https:\/\/www.pomniki-przyrody.pl\/index.php?rest_route=\/wp\/v2\/users\/2"}],"replies":[{"embeddable":true,"href":"https:\/\/www.pomniki-przyrody.pl\/index.php?rest_route=%2Fwp%2Fv2%2Fcomments&post=8938"}],"version-history":[{"count":0,"href":"https:\/\/www.pomniki-przyrody.pl\/index.php?rest_route=\/wp\/v2\/posts\/8938\/revisions"}],"wp:attachment":[{"href":"https:\/\/www.pomniki-przyrody.pl\/index.php?rest_route=%2Fwp%2Fv2%2Fmedia&parent=8938"}],"wp:term":[{"taxonomy":"category","embeddable":true,"href":"https:\/\/www.pomniki-przyrody.pl\/index.php?rest_route=%2Fwp%2Fv2%2Fcategories&post=8938"},{"taxonomy":"post_tag","embeddable":true,"href":"https:\/\/www.pomniki-przyrody.pl\/index.php?rest_route=%2Fwp%2Fv2%2Ftags&post=8938"}],"curies":[{"name":"wp","href":"https:\/\/api.w.org\/{rel}","templated":true}]}}