{"id":8975,"date":"2015-12-30T22:37:32","date_gmt":"2015-12-30T21:37:32","guid":{"rendered":"http:\/\/www.pomniki-przyrody.pl\/?p=8975"},"modified":"2016-01-17T23:21:48","modified_gmt":"2016-01-17T22:21:48","slug":"park-zlotnicki-we-wroclawiu","status":"publish","type":"post","link":"https:\/\/www.pomniki-przyrody.pl\/?p=8975","title":{"rendered":"Park Z\u0142otnicki we Wroc\u0142awiu."},"content":{"rendered":"<p>Kolejny wroc\u0142awski park opisywany na tym blogu znajduje si\u0119 w zachodniej cz\u0119\u015bci stolicy Dolnego \u015al\u0105ska, na osiedlu Z\u0142otniki. Obszar 20 ha za\u0142o\u017cenia parkowego ograniczaj\u0105 ulice Z\u0142otnicka, Soli\u0144ska, \u017bwirowa oraz (od po\u0142udnia) tory kolejowe. Na skraju parku, przy ul. \u017bwirowej, stoi cz\u0119\u015bciowo zniszczony pomnik ofiar I wojny \u015bwiatowej. Tu\u017c obok urocza K\u0142adka Z\u0142otnicka przerzucona nad rzek\u0105 Bystrzyc\u0105.<\/p>\n<p><a href=\"https:\/\/www.pomniki-przyrody.pl\/wp-content\/uploads\/2015\/12\/pomnik-ofiar-I-wojny-\u015bw.-na-obrze\u017cu-Parku-Z\u0142otnickiego.jpg\" rel=\"attachment wp-att-8998\"><img loading=\"lazy\" decoding=\"async\" class=\"aligncenter wp-image-8998 size-full\" title=\"pomnik ofiar I wojny \u015bw. na obrze\u017cu Parku Z\u0142otnickiego\" src=\"https:\/\/www.pomniki-przyrody.pl\/wp-content\/uploads\/2015\/12\/pomnik-ofiar-I-wojny-\u015bw.-na-obrze\u017cu-Parku-Z\u0142otnickiego.jpg\" alt=\"\" width=\"900\" height=\"598\" srcset=\"https:\/\/www.pomniki-przyrody.pl\/wp-content\/uploads\/2015\/12\/pomnik-ofiar-I-wojny-\u015bw.-na-obrze\u017cu-Parku-Z\u0142otnickiego.jpg 900w, https:\/\/www.pomniki-przyrody.pl\/wp-content\/uploads\/2015\/12\/pomnik-ofiar-I-wojny-\u015bw.-na-obrze\u017cu-Parku-Z\u0142otnickiego-300x199.jpg 300w, https:\/\/www.pomniki-przyrody.pl\/wp-content\/uploads\/2015\/12\/pomnik-ofiar-I-wojny-\u015bw.-na-obrze\u017cu-Parku-Z\u0142otnickiego-768x510.jpg 768w, https:\/\/www.pomniki-przyrody.pl\/wp-content\/uploads\/2015\/12\/pomnik-ofiar-I-wojny-\u015bw.-na-obrze\u017cu-Parku-Z\u0142otnickiego-452x300.jpg 452w\" sizes=\"auto, (max-width: 900px) 100vw, 900px\" \/><\/a><a href=\"https:\/\/www.pomniki-przyrody.pl\/wp-content\/uploads\/2015\/12\/K\u0142adka-Z\u0142otnicka-na-Bystrzycy.jpg\" rel=\"attachment wp-att-8980\"><img loading=\"lazy\" decoding=\"async\" class=\"aligncenter wp-image-8980 size-full\" title=\"K\u0142adka Z\u0142otnicka na Bystrzycy\" src=\"https:\/\/www.pomniki-przyrody.pl\/wp-content\/uploads\/2015\/12\/K\u0142adka-Z\u0142otnicka-na-Bystrzycy.jpg\" alt=\"\" width=\"900\" height=\"598\" srcset=\"https:\/\/www.pomniki-przyrody.pl\/wp-content\/uploads\/2015\/12\/K\u0142adka-Z\u0142otnicka-na-Bystrzycy.jpg 900w, https:\/\/www.pomniki-przyrody.pl\/wp-content\/uploads\/2015\/12\/K\u0142adka-Z\u0142otnicka-na-Bystrzycy-300x199.jpg 300w, https:\/\/www.pomniki-przyrody.pl\/wp-content\/uploads\/2015\/12\/K\u0142adka-Z\u0142otnicka-na-Bystrzycy-768x510.jpg 768w, https:\/\/www.pomniki-przyrody.pl\/wp-content\/uploads\/2015\/12\/K\u0142adka-Z\u0142otnicka-na-Bystrzycy-452x300.jpg 452w\" sizes=\"auto, (max-width: 900px) 100vw, 900px\" \/><\/a><\/p>\n<p>Drzewostan parku tworz\u0105 g\u0142\u00f3wnie gatunki li\u015bciaste, niemniej mo\u017cna tu odnale\u017a\u0107 kilka okaza\u0142ych sosen.<\/p>\n<p><a href=\"https:\/\/www.pomniki-przyrody.pl\/wp-content\/uploads\/2015\/12\/fragment-Parku-Z\u0142otnickiego.jpg\" rel=\"attachment wp-att-8977\"><img loading=\"lazy\" decoding=\"async\" class=\"aligncenter wp-image-8977 size-full\" title=\"fragment Parku Z\u0142otnickiego\" src=\"https:\/\/www.pomniki-przyrody.pl\/wp-content\/uploads\/2015\/12\/fragment-Parku-Z\u0142otnickiego.jpg\" alt=\"\" width=\"900\" height=\"598\" srcset=\"https:\/\/www.pomniki-przyrody.pl\/wp-content\/uploads\/2015\/12\/fragment-Parku-Z\u0142otnickiego.jpg 900w, https:\/\/www.pomniki-przyrody.pl\/wp-content\/uploads\/2015\/12\/fragment-Parku-Z\u0142otnickiego-300x199.jpg 300w, https:\/\/www.pomniki-przyrody.pl\/wp-content\/uploads\/2015\/12\/fragment-Parku-Z\u0142otnickiego-768x510.jpg 768w, https:\/\/www.pomniki-przyrody.pl\/wp-content\/uploads\/2015\/12\/fragment-Parku-Z\u0142otnickiego-452x300.jpg 452w\" sizes=\"auto, (max-width: 900px) 100vw, 900px\" \/><\/a><\/p>\n<p><a href=\"https:\/\/www.pomniki-przyrody.pl\/wp-content\/uploads\/2015\/12\/aleja-w-Parku-Z\u0142otnickim.jpg\" rel=\"attachment wp-att-8976\"><img loading=\"lazy\" decoding=\"async\" class=\"aligncenter wp-image-8976 size-full\" title=\"aleja w Parku Z\u0142otnickim\" src=\"https:\/\/www.pomniki-przyrody.pl\/wp-content\/uploads\/2015\/12\/aleja-w-Parku-Z\u0142otnickim.jpg\" alt=\"\" width=\"598\" height=\"900\" srcset=\"https:\/\/www.pomniki-przyrody.pl\/wp-content\/uploads\/2015\/12\/aleja-w-Parku-Z\u0142otnickim.jpg 598w, https:\/\/www.pomniki-przyrody.pl\/wp-content\/uploads\/2015\/12\/aleja-w-Parku-Z\u0142otnickim-199x300.jpg 199w\" sizes=\"auto, (max-width: 598px) 100vw, 598px\" \/><\/a><\/p>\n<p><a href=\"https:\/\/www.pomniki-przyrody.pl\/wp-content\/uploads\/2015\/12\/Park-Z\u0142otnicki-we-Wroc\u0142awiu-okaza\u0142y-d\u0105b-przy-parkowym-stawie.jpg\" rel=\"attachment wp-att-8993\"><img loading=\"lazy\" decoding=\"async\" class=\"aligncenter wp-image-8993 size-full\" title=\"Park Z\u0142otnicki we Wroc\u0142awiu - okaza\u0142y d\u0105b przy parkowym stawie\" src=\"https:\/\/www.pomniki-przyrody.pl\/wp-content\/uploads\/2015\/12\/Park-Z\u0142otnicki-we-Wroc\u0142awiu-okaza\u0142y-d\u0105b-przy-parkowym-stawie.jpg\" alt=\"\" width=\"598\" height=\"900\" srcset=\"https:\/\/www.pomniki-przyrody.pl\/wp-content\/uploads\/2015\/12\/Park-Z\u0142otnicki-we-Wroc\u0142awiu-okaza\u0142y-d\u0105b-przy-parkowym-stawie.jpg 598w, https:\/\/www.pomniki-przyrody.pl\/wp-content\/uploads\/2015\/12\/Park-Z\u0142otnicki-we-Wroc\u0142awiu-okaza\u0142y-d\u0105b-przy-parkowym-stawie-199x300.jpg 199w\" sizes=\"auto, (max-width: 598px) 100vw, 598px\" \/><\/a><\/p>\n<p><a href=\"https:\/\/www.pomniki-przyrody.pl\/wp-content\/uploads\/2015\/12\/Park-Z\u0142otnicki-we-Wroc\u0142awiu-okaza\u0142a-sosna.jpg\" rel=\"attachment wp-att-8992\"><img loading=\"lazy\" decoding=\"async\" class=\"aligncenter wp-image-8992 size-full\" title=\"Park Z\u0142otnicki we Wroc\u0142awiu - okaza\u0142a sosna\" src=\"https:\/\/www.pomniki-przyrody.pl\/wp-content\/uploads\/2015\/12\/Park-Z\u0142otnicki-we-Wroc\u0142awiu-okaza\u0142a-sosna.jpg\" alt=\"\" width=\"581\" height=\"800\" srcset=\"https:\/\/www.pomniki-przyrody.pl\/wp-content\/uploads\/2015\/12\/Park-Z\u0142otnicki-we-Wroc\u0142awiu-okaza\u0142a-sosna.jpg 581w, https:\/\/www.pomniki-przyrody.pl\/wp-content\/uploads\/2015\/12\/Park-Z\u0142otnicki-we-Wroc\u0142awiu-okaza\u0142a-sosna-218x300.jpg 218w\" sizes=\"auto, (max-width: 581px) 100vw, 581px\" \/><\/a><\/p>\n<p>Krajobraz parkowy u\u015bwietniaj\u0105 stawy z k\u0142adkami i niewielkie cieki wodne.<\/p>\n<p><a href=\"https:\/\/www.pomniki-przyrody.pl\/wp-content\/uploads\/2015\/12\/staw-parkowy-Wroc\u0142aw-Z\u0142otniki.jpg\" rel=\"attachment wp-att-9001\"><img loading=\"lazy\" decoding=\"async\" class=\"aligncenter wp-image-9001 size-full\" title=\"staw parkowy - Wroc\u0142aw Z\u0142otniki\" src=\"https:\/\/www.pomniki-przyrody.pl\/wp-content\/uploads\/2015\/12\/staw-parkowy-Wroc\u0142aw-Z\u0142otniki.jpg\" alt=\"\" width=\"900\" height=\"598\" srcset=\"https:\/\/www.pomniki-przyrody.pl\/wp-content\/uploads\/2015\/12\/staw-parkowy-Wroc\u0142aw-Z\u0142otniki.jpg 900w, https:\/\/www.pomniki-przyrody.pl\/wp-content\/uploads\/2015\/12\/staw-parkowy-Wroc\u0142aw-Z\u0142otniki-300x199.jpg 300w, https:\/\/www.pomniki-przyrody.pl\/wp-content\/uploads\/2015\/12\/staw-parkowy-Wroc\u0142aw-Z\u0142otniki-768x510.jpg 768w, https:\/\/www.pomniki-przyrody.pl\/wp-content\/uploads\/2015\/12\/staw-parkowy-Wroc\u0142aw-Z\u0142otniki-452x300.jpg 452w\" sizes=\"auto, (max-width: 900px) 100vw, 900px\" \/><\/a><a href=\"https:\/\/www.pomniki-przyrody.pl\/wp-content\/uploads\/2015\/12\/staw-w-Parku-Z\u0142otnickim-we-Wroc\u0142awiu.jpg\" rel=\"attachment wp-att-9002\"><img loading=\"lazy\" decoding=\"async\" class=\"aligncenter wp-image-9002 size-full\" title=\"staw w Parku Z\u0142otnickim we Wroc\u0142awiu\" src=\"https:\/\/www.pomniki-przyrody.pl\/wp-content\/uploads\/2015\/12\/staw-w-Parku-Z\u0142otnickim-we-Wroc\u0142awiu.jpg\" alt=\"\" width=\"900\" height=\"598\" srcset=\"https:\/\/www.pomniki-przyrody.pl\/wp-content\/uploads\/2015\/12\/staw-w-Parku-Z\u0142otnickim-we-Wroc\u0142awiu.jpg 900w, https:\/\/www.pomniki-przyrody.pl\/wp-content\/uploads\/2015\/12\/staw-w-Parku-Z\u0142otnickim-we-Wroc\u0142awiu-300x199.jpg 300w, https:\/\/www.pomniki-przyrody.pl\/wp-content\/uploads\/2015\/12\/staw-w-Parku-Z\u0142otnickim-we-Wroc\u0142awiu-768x510.jpg 768w, https:\/\/www.pomniki-przyrody.pl\/wp-content\/uploads\/2015\/12\/staw-w-Parku-Z\u0142otnickim-we-Wroc\u0142awiu-452x300.jpg 452w\" sizes=\"auto, (max-width: 900px) 100vw, 900px\" \/><\/a><a href=\"https:\/\/www.pomniki-przyrody.pl\/wp-content\/uploads\/2015\/12\/uroczy-mostek-w-Parku-Z\u0142otnickim.jpg\" rel=\"attachment wp-att-9003\"><img loading=\"lazy\" decoding=\"async\" class=\"aligncenter wp-image-9003 size-full\" title=\"uroczy mostek w Parku Z\u0142otnickim\" src=\"https:\/\/www.pomniki-przyrody.pl\/wp-content\/uploads\/2015\/12\/uroczy-mostek-w-Parku-Z\u0142otnickim.jpg\" alt=\"\" width=\"900\" height=\"598\" srcset=\"https:\/\/www.pomniki-przyrody.pl\/wp-content\/uploads\/2015\/12\/uroczy-mostek-w-Parku-Z\u0142otnickim.jpg 900w, https:\/\/www.pomniki-przyrody.pl\/wp-content\/uploads\/2015\/12\/uroczy-mostek-w-Parku-Z\u0142otnickim-300x199.jpg 300w, https:\/\/www.pomniki-przyrody.pl\/wp-content\/uploads\/2015\/12\/uroczy-mostek-w-Parku-Z\u0142otnickim-768x510.jpg 768w, https:\/\/www.pomniki-przyrody.pl\/wp-content\/uploads\/2015\/12\/uroczy-mostek-w-Parku-Z\u0142otnickim-452x300.jpg 452w\" sizes=\"auto, (max-width: 900px) 100vw, 900px\" \/><\/a><\/p>\n<p>W parku znajduj\u0105 si\u0119 obiekty rekreacyjno &#8211; sportowe, m.in. plac zabaw dla dzieci i mini-si\u0142ownia.<\/p>\n<p><a href=\"https:\/\/www.pomniki-przyrody.pl\/wp-content\/uploads\/2015\/12\/Park-Z\u0142otnicki-plac-zabaw-z-soliterowymi-d\u0119bami.jpg\" rel=\"attachment wp-att-8984\"><img loading=\"lazy\" decoding=\"async\" class=\"aligncenter wp-image-8984 size-full\" title=\"Park Z\u0142otnicki - plac zabaw z soliterowymi d\u0119bami\" src=\"https:\/\/www.pomniki-przyrody.pl\/wp-content\/uploads\/2015\/12\/Park-Z\u0142otnicki-plac-zabaw-z-soliterowymi-d\u0119bami.jpg\" alt=\"\" width=\"900\" height=\"598\" srcset=\"https:\/\/www.pomniki-przyrody.pl\/wp-content\/uploads\/2015\/12\/Park-Z\u0142otnicki-plac-zabaw-z-soliterowymi-d\u0119bami.jpg 900w, https:\/\/www.pomniki-przyrody.pl\/wp-content\/uploads\/2015\/12\/Park-Z\u0142otnicki-plac-zabaw-z-soliterowymi-d\u0119bami-300x199.jpg 300w, https:\/\/www.pomniki-przyrody.pl\/wp-content\/uploads\/2015\/12\/Park-Z\u0142otnicki-plac-zabaw-z-soliterowymi-d\u0119bami-768x510.jpg 768w, https:\/\/www.pomniki-przyrody.pl\/wp-content\/uploads\/2015\/12\/Park-Z\u0142otnicki-plac-zabaw-z-soliterowymi-d\u0119bami-452x300.jpg 452w\" sizes=\"auto, (max-width: 900px) 100vw, 900px\" \/><\/a><a href=\"https:\/\/www.pomniki-przyrody.pl\/wp-content\/uploads\/2015\/12\/Park-Z\u0142otnicki-we-Wroc\u0142awiu-si\u0142ownia.jpg\" rel=\"attachment wp-att-8994\"><img loading=\"lazy\" decoding=\"async\" class=\"aligncenter wp-image-8994 size-full\" title=\"Park Z\u0142otnicki we Wroc\u0142awiu - si\u0142ownia\" src=\"https:\/\/www.pomniki-przyrody.pl\/wp-content\/uploads\/2015\/12\/Park-Z\u0142otnicki-we-Wroc\u0142awiu-si\u0142ownia.jpg\" alt=\"\" width=\"900\" height=\"598\" srcset=\"https:\/\/www.pomniki-przyrody.pl\/wp-content\/uploads\/2015\/12\/Park-Z\u0142otnicki-we-Wroc\u0142awiu-si\u0142ownia.jpg 900w, https:\/\/www.pomniki-przyrody.pl\/wp-content\/uploads\/2015\/12\/Park-Z\u0142otnicki-we-Wroc\u0142awiu-si\u0142ownia-300x199.jpg 300w, https:\/\/www.pomniki-przyrody.pl\/wp-content\/uploads\/2015\/12\/Park-Z\u0142otnicki-we-Wroc\u0142awiu-si\u0142ownia-768x510.jpg 768w, https:\/\/www.pomniki-przyrody.pl\/wp-content\/uploads\/2015\/12\/Park-Z\u0142otnicki-we-Wroc\u0142awiu-si\u0142ownia-452x300.jpg 452w\" sizes=\"auto, (max-width: 900px) 100vw, 900px\" \/><\/a><\/p>\n<p>Ciekawostk\u0105 parku s\u0105 dwa grodziska \u015bredniowieczne, zachowa\u0142y si\u0119 wa\u0142y i suche obecnie fosy.<\/p>\n<p><a href=\"https:\/\/www.pomniki-przyrody.pl\/wp-content\/uploads\/2015\/12\/kamie\u0144-przy-grodzisku-w-Z\u0142otnikach.jpg\" rel=\"attachment wp-att-8978\"><img loading=\"lazy\" decoding=\"async\" class=\"aligncenter wp-image-8978 size-full\" title=\"kamie\u0144 przy grodzisku w Z\u0142otnikach\" src=\"https:\/\/www.pomniki-przyrody.pl\/wp-content\/uploads\/2015\/12\/kamie\u0144-przy-grodzisku-w-Z\u0142otnikach.jpg\" alt=\"\" width=\"800\" height=\"532\" srcset=\"https:\/\/www.pomniki-przyrody.pl\/wp-content\/uploads\/2015\/12\/kamie\u0144-przy-grodzisku-w-Z\u0142otnikach.jpg 800w, https:\/\/www.pomniki-przyrody.pl\/wp-content\/uploads\/2015\/12\/kamie\u0144-przy-grodzisku-w-Z\u0142otnikach-300x200.jpg 300w, https:\/\/www.pomniki-przyrody.pl\/wp-content\/uploads\/2015\/12\/kamie\u0144-przy-grodzisku-w-Z\u0142otnikach-768x511.jpg 768w, https:\/\/www.pomniki-przyrody.pl\/wp-content\/uploads\/2015\/12\/kamie\u0144-przy-grodzisku-w-Z\u0142otnikach-451x300.jpg 451w\" sizes=\"auto, (max-width: 800px) 100vw, 800px\" \/><\/a><a href=\"https:\/\/www.pomniki-przyrody.pl\/wp-content\/uploads\/2015\/12\/Z\u0142otniki-ruina-grodu-XIII-XIV-w..jpg\" rel=\"attachment wp-att-9005\"><img loading=\"lazy\" decoding=\"async\" class=\"aligncenter wp-image-9005 size-full\" title=\"Z\u0142otniki - ruina grodu XIII -XIV w.\" src=\"https:\/\/www.pomniki-przyrody.pl\/wp-content\/uploads\/2015\/12\/Z\u0142otniki-ruina-grodu-XIII-XIV-w..jpg\" alt=\"\" width=\"532\" height=\"800\" srcset=\"https:\/\/www.pomniki-przyrody.pl\/wp-content\/uploads\/2015\/12\/Z\u0142otniki-ruina-grodu-XIII-XIV-w..jpg 532w, https:\/\/www.pomniki-przyrody.pl\/wp-content\/uploads\/2015\/12\/Z\u0142otniki-ruina-grodu-XIII-XIV-w.-200x300.jpg 200w\" sizes=\"auto, (max-width: 532px) 100vw, 532px\" \/><\/a><a href=\"https:\/\/www.pomniki-przyrody.pl\/wp-content\/uploads\/2015\/12\/Park-Z\u0142otnicki-grodzisko-XIII-XIV-w..jpg\" rel=\"attachment wp-att-8982\"><img loading=\"lazy\" decoding=\"async\" class=\"aligncenter wp-image-8982 size-full\" title=\"Park Z\u0142otnicki - grodzisko XIII - XIV w.\" src=\"https:\/\/www.pomniki-przyrody.pl\/wp-content\/uploads\/2015\/12\/Park-Z\u0142otnicki-grodzisko-XIII-XIV-w..jpg\" alt=\"\" width=\"900\" height=\"598\" srcset=\"https:\/\/www.pomniki-przyrody.pl\/wp-content\/uploads\/2015\/12\/Park-Z\u0142otnicki-grodzisko-XIII-XIV-w..jpg 900w, https:\/\/www.pomniki-przyrody.pl\/wp-content\/uploads\/2015\/12\/Park-Z\u0142otnicki-grodzisko-XIII-XIV-w.-300x199.jpg 300w, https:\/\/www.pomniki-przyrody.pl\/wp-content\/uploads\/2015\/12\/Park-Z\u0142otnicki-grodzisko-XIII-XIV-w.-768x510.jpg 768w, https:\/\/www.pomniki-przyrody.pl\/wp-content\/uploads\/2015\/12\/Park-Z\u0142otnicki-grodzisko-XIII-XIV-w.-452x300.jpg 452w\" sizes=\"auto, (max-width: 900px) 100vw, 900px\" \/><\/a><\/p>\n<p><a href=\"https:\/\/www.pomniki-przyrody.pl\/wp-content\/uploads\/2015\/12\/kamie\u0144-z-napisem-Z\u0142otniki-ruina-grodu-IX-XII-w..jpg\" rel=\"attachment wp-att-8979\"><img loading=\"lazy\" decoding=\"async\" class=\"aligncenter wp-image-8979 size-full\" title=\"kamie\u0144 z napisem - Z\u0142otniki ruina grodu IX - XII w.\" src=\"https:\/\/www.pomniki-przyrody.pl\/wp-content\/uploads\/2015\/12\/kamie\u0144-z-napisem-Z\u0142otniki-ruina-grodu-IX-XII-w..jpg\" alt=\"\" width=\"532\" height=\"800\" srcset=\"https:\/\/www.pomniki-przyrody.pl\/wp-content\/uploads\/2015\/12\/kamie\u0144-z-napisem-Z\u0142otniki-ruina-grodu-IX-XII-w..jpg 532w, https:\/\/www.pomniki-przyrody.pl\/wp-content\/uploads\/2015\/12\/kamie\u0144-z-napisem-Z\u0142otniki-ruina-grodu-IX-XII-w.-200x300.jpg 200w\" sizes=\"auto, (max-width: 532px) 100vw, 532px\" \/><\/a><a href=\"https:\/\/www.pomniki-przyrody.pl\/wp-content\/uploads\/2015\/12\/Park-Z\u0142otnicki-we-Wroc\u0142awiu-grodzisko-IX-XII-w..jpg\" rel=\"attachment wp-att-8991\"><img loading=\"lazy\" decoding=\"async\" class=\"aligncenter wp-image-8991 size-full\" title=\"Park Z\u0142otnicki we Wroc\u0142awiu - grodzisko IX - XII w.\" src=\"https:\/\/www.pomniki-przyrody.pl\/wp-content\/uploads\/2015\/12\/Park-Z\u0142otnicki-we-Wroc\u0142awiu-grodzisko-IX-XII-w..jpg\" alt=\"\" width=\"900\" height=\"598\" srcset=\"https:\/\/www.pomniki-przyrody.pl\/wp-content\/uploads\/2015\/12\/Park-Z\u0142otnicki-we-Wroc\u0142awiu-grodzisko-IX-XII-w..jpg 900w, https:\/\/www.pomniki-przyrody.pl\/wp-content\/uploads\/2015\/12\/Park-Z\u0142otnicki-we-Wroc\u0142awiu-grodzisko-IX-XII-w.-300x199.jpg 300w, https:\/\/www.pomniki-przyrody.pl\/wp-content\/uploads\/2015\/12\/Park-Z\u0142otnicki-we-Wroc\u0142awiu-grodzisko-IX-XII-w.-768x510.jpg 768w, https:\/\/www.pomniki-przyrody.pl\/wp-content\/uploads\/2015\/12\/Park-Z\u0142otnicki-we-Wroc\u0142awiu-grodzisko-IX-XII-w.-452x300.jpg 452w\" sizes=\"auto, (max-width: 900px) 100vw, 900px\" \/><\/a><\/p>\n<p>Pomniki przyrody w Parku Z\u0142otnickim reprezentuje grupa 8 s\u0119dziwych d\u0119b\u00f3w szypu\u0142kowych. Obwody poszczeg\u00f3lnych okaz\u00f3w wynosz\u0105\u00a0350, 351, 355, 360, 365, 387, 440, 535 cm, wysoko\u015b\u0107 23 &#8211; 30 m.<\/p>\n<p><a href=\"https:\/\/www.pomniki-przyrody.pl\/wp-content\/uploads\/2015\/12\/Park-Z\u0142otnicki-pomnikowy-d\u0105b-przy-grodzisku.jpg\" rel=\"attachment wp-att-8988\"><img loading=\"lazy\" decoding=\"async\" class=\"aligncenter wp-image-8988 size-full\" title=\"Park Z\u0142otnicki - pomnikowy d\u0105b przy grodzisku\" src=\"https:\/\/www.pomniki-przyrody.pl\/wp-content\/uploads\/2015\/12\/Park-Z\u0142otnicki-pomnikowy-d\u0105b-przy-grodzisku.jpg\" alt=\"\" width=\"598\" height=\"900\" srcset=\"https:\/\/www.pomniki-przyrody.pl\/wp-content\/uploads\/2015\/12\/Park-Z\u0142otnicki-pomnikowy-d\u0105b-przy-grodzisku.jpg 598w, https:\/\/www.pomniki-przyrody.pl\/wp-content\/uploads\/2015\/12\/Park-Z\u0142otnicki-pomnikowy-d\u0105b-przy-grodzisku-199x300.jpg 199w\" sizes=\"auto, (max-width: 598px) 100vw, 598px\" \/><\/a><a href=\"https:\/\/www.pomniki-przyrody.pl\/wp-content\/uploads\/2015\/12\/Park-Z\u0142otnicki-pie\u0144-pomnikowego-d\u0119bu-przy-grodzisku.jpg\" rel=\"attachment wp-att-8985\"><img loading=\"lazy\" decoding=\"async\" class=\"aligncenter wp-image-8985 size-full\" title=\"Park Z\u0142otnicki - pie\u0144 pomnikowego d\u0119bu przy grodzisku\" src=\"https:\/\/www.pomniki-przyrody.pl\/wp-content\/uploads\/2015\/12\/Park-Z\u0142otnicki-pie\u0144-pomnikowego-d\u0119bu-przy-grodzisku.jpg\" alt=\"\" width=\"598\" height=\"900\" srcset=\"https:\/\/www.pomniki-przyrody.pl\/wp-content\/uploads\/2015\/12\/Park-Z\u0142otnicki-pie\u0144-pomnikowego-d\u0119bu-przy-grodzisku.jpg 598w, https:\/\/www.pomniki-przyrody.pl\/wp-content\/uploads\/2015\/12\/Park-Z\u0142otnicki-pie\u0144-pomnikowego-d\u0119bu-przy-grodzisku-199x300.jpg 199w\" sizes=\"auto, (max-width: 598px) 100vw, 598px\" \/><\/a><\/p>\n<p><a href=\"https:\/\/www.pomniki-przyrody.pl\/wp-content\/uploads\/2015\/12\/Park-Z\u0142otnicki-pomnikowy-d\u0105b-w-centrum-parku.jpg\" rel=\"attachment wp-att-8990\"><img loading=\"lazy\" decoding=\"async\" class=\"aligncenter wp-image-8990 size-full\" title=\"Park Z\u0142otnicki - pomnikowy d\u0105b w centrum parku\" src=\"https:\/\/www.pomniki-przyrody.pl\/wp-content\/uploads\/2015\/12\/Park-Z\u0142otnicki-pomnikowy-d\u0105b-w-centrum-parku.jpg\" alt=\"\" width=\"598\" height=\"900\" srcset=\"https:\/\/www.pomniki-przyrody.pl\/wp-content\/uploads\/2015\/12\/Park-Z\u0142otnicki-pomnikowy-d\u0105b-w-centrum-parku.jpg 598w, https:\/\/www.pomniki-przyrody.pl\/wp-content\/uploads\/2015\/12\/Park-Z\u0142otnicki-pomnikowy-d\u0105b-w-centrum-parku-199x300.jpg 199w\" sizes=\"auto, (max-width: 598px) 100vw, 598px\" \/><\/a><a href=\"https:\/\/www.pomniki-przyrody.pl\/wp-content\/uploads\/2015\/12\/Park-Z\u0142otnicki-pie\u0144-pomnikowego-d\u0119bu-w-centrum-parku.jpg\" rel=\"attachment wp-att-8987\"><img loading=\"lazy\" decoding=\"async\" class=\"aligncenter wp-image-8987 size-full\" title=\"Park Z\u0142otnicki - pie\u0144 pomnikowego d\u0119bu w centrum parku\" src=\"https:\/\/www.pomniki-przyrody.pl\/wp-content\/uploads\/2015\/12\/Park-Z\u0142otnicki-pie\u0144-pomnikowego-d\u0119bu-w-centrum-parku.jpg\" alt=\"\" width=\"598\" height=\"900\" srcset=\"https:\/\/www.pomniki-przyrody.pl\/wp-content\/uploads\/2015\/12\/Park-Z\u0142otnicki-pie\u0144-pomnikowego-d\u0119bu-w-centrum-parku.jpg 598w, https:\/\/www.pomniki-przyrody.pl\/wp-content\/uploads\/2015\/12\/Park-Z\u0142otnicki-pie\u0144-pomnikowego-d\u0119bu-w-centrum-parku-199x300.jpg 199w\" sizes=\"auto, (max-width: 598px) 100vw, 598px\" \/><\/a><\/p>\n<p><a href=\"https:\/\/www.pomniki-przyrody.pl\/wp-content\/uploads\/2015\/12\/Park-Z\u0142otnicki-pomnikowy-d\u0105b-szypu\u0142kowy.jpg\" rel=\"attachment wp-att-8989\"><img loading=\"lazy\" decoding=\"async\" class=\"aligncenter wp-image-8989 size-full\" title=\"Park Z\u0142otnicki - pomnikowy d\u0105b szypu\u0142kowy\" src=\"https:\/\/www.pomniki-przyrody.pl\/wp-content\/uploads\/2015\/12\/Park-Z\u0142otnicki-pomnikowy-d\u0105b-szypu\u0142kowy.jpg\" alt=\"\" width=\"598\" height=\"900\" srcset=\"https:\/\/www.pomniki-przyrody.pl\/wp-content\/uploads\/2015\/12\/Park-Z\u0142otnicki-pomnikowy-d\u0105b-szypu\u0142kowy.jpg 598w, https:\/\/www.pomniki-przyrody.pl\/wp-content\/uploads\/2015\/12\/Park-Z\u0142otnicki-pomnikowy-d\u0105b-szypu\u0142kowy-199x300.jpg 199w\" sizes=\"auto, (max-width: 598px) 100vw, 598px\" \/><\/a><a href=\"https:\/\/www.pomniki-przyrody.pl\/wp-content\/uploads\/2015\/12\/Park-Z\u0142otnicki-pie\u0144-pomnikowego-d\u0119bu-szypu\u0142kowego.jpg\" rel=\"attachment wp-att-8986\"><img loading=\"lazy\" decoding=\"async\" class=\"aligncenter wp-image-8986 size-full\" title=\"Park Z\u0142otnicki - pie\u0144 pomnikowego d\u0119bu szypu\u0142kowego\" src=\"https:\/\/www.pomniki-przyrody.pl\/wp-content\/uploads\/2015\/12\/Park-Z\u0142otnicki-pie\u0144-pomnikowego-d\u0119bu-szypu\u0142kowego.jpg\" alt=\"\" width=\"598\" height=\"900\" srcset=\"https:\/\/www.pomniki-przyrody.pl\/wp-content\/uploads\/2015\/12\/Park-Z\u0142otnicki-pie\u0144-pomnikowego-d\u0119bu-szypu\u0142kowego.jpg 598w, https:\/\/www.pomniki-przyrody.pl\/wp-content\/uploads\/2015\/12\/Park-Z\u0142otnicki-pie\u0144-pomnikowego-d\u0119bu-szypu\u0142kowego-199x300.jpg 199w\" sizes=\"auto, (max-width: 598px) 100vw, 598px\" \/><\/a><\/p>\n<p><a href=\"https:\/\/www.pomniki-przyrody.pl\/wp-content\/uploads\/2015\/12\/uschni\u0119ty-d\u0105b-na-obrze\u017cu-Parku-Z\u0142otnickiego.jpg\" rel=\"attachment wp-att-9004\"><img loading=\"lazy\" decoding=\"async\" class=\"aligncenter wp-image-9004 size-full\" title=\"uschni\u0119ty d\u0105b na obrze\u017cu Parku Z\u0142otnickiego\" src=\"https:\/\/www.pomniki-przyrody.pl\/wp-content\/uploads\/2015\/12\/uschni\u0119ty-d\u0105b-na-obrze\u017cu-Parku-Z\u0142otnickiego.jpg\" alt=\"\" width=\"598\" height=\"900\" srcset=\"https:\/\/www.pomniki-przyrody.pl\/wp-content\/uploads\/2015\/12\/uschni\u0119ty-d\u0105b-na-obrze\u017cu-Parku-Z\u0142otnickiego.jpg 598w, https:\/\/www.pomniki-przyrody.pl\/wp-content\/uploads\/2015\/12\/uschni\u0119ty-d\u0105b-na-obrze\u017cu-Parku-Z\u0142otnickiego-199x300.jpg 199w\" sizes=\"auto, (max-width: 598px) 100vw, 598px\" \/><\/a><a href=\"https:\/\/www.pomniki-przyrody.pl\/wp-content\/uploads\/2015\/12\/Park-Z\u0142otnicki-kapliczka-na-uschni\u0119tym-d\u0119bie.jpg\" rel=\"attachment wp-att-8983\"><img loading=\"lazy\" decoding=\"async\" class=\"aligncenter wp-image-8983 size-full\" title=\"Park Z\u0142otnicki - kapliczka na uschni\u0119tym d\u0119bie\" src=\"https:\/\/www.pomniki-przyrody.pl\/wp-content\/uploads\/2015\/12\/Park-Z\u0142otnicki-kapliczka-na-uschni\u0119tym-d\u0119bie.jpg\" alt=\"\" width=\"598\" height=\"900\" srcset=\"https:\/\/www.pomniki-przyrody.pl\/wp-content\/uploads\/2015\/12\/Park-Z\u0142otnicki-kapliczka-na-uschni\u0119tym-d\u0119bie.jpg 598w, https:\/\/www.pomniki-przyrody.pl\/wp-content\/uploads\/2015\/12\/Park-Z\u0142otnicki-kapliczka-na-uschni\u0119tym-d\u0119bie-199x300.jpg 199w\" sizes=\"auto, (max-width: 598px) 100vw, 598px\" \/><\/a><\/p>\n<p><a href=\"https:\/\/www.pomniki-przyrody.pl\/wp-content\/uploads\/2015\/12\/Park-Z\u0142otnicki-we-Wroc\u0142awiu-pomnikowy-d\u0105b-szypu\u0142kowy.jpg\" rel=\"attachment wp-att-8996\"><img loading=\"lazy\" decoding=\"async\" class=\"aligncenter wp-image-8996 size-full\" title=\"Park Z\u0142otnicki we Wroc\u0142awiu - pomnikowy d\u0105b szypu\u0142kowy\" src=\"https:\/\/www.pomniki-przyrody.pl\/wp-content\/uploads\/2015\/12\/Park-Z\u0142otnicki-we-Wroc\u0142awiu-pomnikowy-d\u0105b-szypu\u0142kowy.jpg\" alt=\"\" width=\"598\" height=\"900\" srcset=\"https:\/\/www.pomniki-przyrody.pl\/wp-content\/uploads\/2015\/12\/Park-Z\u0142otnicki-we-Wroc\u0142awiu-pomnikowy-d\u0105b-szypu\u0142kowy.jpg 598w, https:\/\/www.pomniki-przyrody.pl\/wp-content\/uploads\/2015\/12\/Park-Z\u0142otnicki-we-Wroc\u0142awiu-pomnikowy-d\u0105b-szypu\u0142kowy-199x300.jpg 199w\" sizes=\"auto, (max-width: 598px) 100vw, 598px\" \/><\/a><a href=\"https:\/\/www.pomniki-przyrody.pl\/wp-content\/uploads\/2015\/12\/Park-Z\u0142otnicki-we-Wroc\u0142awiu-pie\u0144-pomnikowego-d\u0119bu-szypu\u0142kowego.jpg\" rel=\"attachment wp-att-8995\"><img loading=\"lazy\" decoding=\"async\" class=\"aligncenter wp-image-8995 size-full\" title=\"Park Z\u0142otnicki we Wroc\u0142awiu - pie\u0144 pomnikowego d\u0119bu szypu\u0142kowego\" src=\"https:\/\/www.pomniki-przyrody.pl\/wp-content\/uploads\/2015\/12\/Park-Z\u0142otnicki-we-Wroc\u0142awiu-pie\u0144-pomnikowego-d\u0119bu-szypu\u0142kowego.jpg\" alt=\"\" width=\"598\" height=\"899\" srcset=\"https:\/\/www.pomniki-przyrody.pl\/wp-content\/uploads\/2015\/12\/Park-Z\u0142otnicki-we-Wroc\u0142awiu-pie\u0144-pomnikowego-d\u0119bu-szypu\u0142kowego.jpg 598w, https:\/\/www.pomniki-przyrody.pl\/wp-content\/uploads\/2015\/12\/Park-Z\u0142otnicki-we-Wroc\u0142awiu-pie\u0144-pomnikowego-d\u0119bu-szypu\u0142kowego-200x300.jpg 200w\" sizes=\"auto, (max-width: 598px) 100vw, 598px\" \/><\/a><a href=\"https:\/\/www.pomniki-przyrody.pl\/wp-content\/uploads\/2015\/12\/pomnikowy-d\u0105b-w-Parku-Z\u0142otnickim.jpg\" rel=\"attachment wp-att-9000\"><img loading=\"lazy\" decoding=\"async\" class=\"aligncenter wp-image-9000 size-full\" title=\"pomnikowy d\u0105b w Parku Z\u0142otnickim\" src=\"https:\/\/www.pomniki-przyrody.pl\/wp-content\/uploads\/2015\/12\/pomnikowy-d\u0105b-w-Parku-Z\u0142otnickim.jpg\" alt=\"\" width=\"598\" height=\"900\" srcset=\"https:\/\/www.pomniki-przyrody.pl\/wp-content\/uploads\/2015\/12\/pomnikowy-d\u0105b-w-Parku-Z\u0142otnickim.jpg 598w, https:\/\/www.pomniki-przyrody.pl\/wp-content\/uploads\/2015\/12\/pomnikowy-d\u0105b-w-Parku-Z\u0142otnickim-199x300.jpg 199w\" sizes=\"auto, (max-width: 598px) 100vw, 598px\" \/><\/a><a href=\"https:\/\/www.pomniki-przyrody.pl\/wp-content\/uploads\/2015\/12\/pomnikowy-d\u0105b-w-Parku-Z\u0142otnickim-we-Wroc\u0142awiu.jpg\" rel=\"attachment wp-att-8999\"><img loading=\"lazy\" decoding=\"async\" class=\"aligncenter wp-image-8999 size-full\" title=\"pomnikowy d\u0105b w Parku Z\u0142otnickim we Wroc\u0142awiu\" src=\"https:\/\/www.pomniki-przyrody.pl\/wp-content\/uploads\/2015\/12\/pomnikowy-d\u0105b-w-Parku-Z\u0142otnickim-we-Wroc\u0142awiu.jpg\" alt=\"\" width=\"598\" height=\"900\" srcset=\"https:\/\/www.pomniki-przyrody.pl\/wp-content\/uploads\/2015\/12\/pomnikowy-d\u0105b-w-Parku-Z\u0142otnickim-we-Wroc\u0142awiu.jpg 598w, https:\/\/www.pomniki-przyrody.pl\/wp-content\/uploads\/2015\/12\/pomnikowy-d\u0105b-w-Parku-Z\u0142otnickim-we-Wroc\u0142awiu-199x300.jpg 199w\" sizes=\"auto, (max-width: 598px) 100vw, 598px\" \/><\/a><a href=\"https:\/\/www.pomniki-przyrody.pl\/wp-content\/uploads\/2015\/12\/pie\u0144-pomnikowego-d\u0119bu-w-Parku-Z\u0142otnickim.jpg\" rel=\"attachment wp-att-8997\"><img loading=\"lazy\" decoding=\"async\" class=\"aligncenter wp-image-8997 size-full\" title=\"pie\u0144 pomnikowego d\u0119bu w Parku Z\u0142otnickim\" src=\"https:\/\/www.pomniki-przyrody.pl\/wp-content\/uploads\/2015\/12\/pie\u0144-pomnikowego-d\u0119bu-w-Parku-Z\u0142otnickim.jpg\" alt=\"\" width=\"598\" height=\"900\" srcset=\"https:\/\/www.pomniki-przyrody.pl\/wp-content\/uploads\/2015\/12\/pie\u0144-pomnikowego-d\u0119bu-w-Parku-Z\u0142otnickim.jpg 598w, https:\/\/www.pomniki-przyrody.pl\/wp-content\/uploads\/2015\/12\/pie\u0144-pomnikowego-d\u0119bu-w-Parku-Z\u0142otnickim-199x300.jpg 199w\" sizes=\"auto, (max-width: 598px) 100vw, 598px\" \/><\/a><a href=\"https:\/\/www.pomniki-przyrody.pl\/wp-content\/uploads\/2015\/12\/okaza\u0142y-d\u0105b-w-Parku-Z\u0142otnickim.jpg\" rel=\"attachment wp-att-8981\"><img loading=\"lazy\" decoding=\"async\" class=\"aligncenter wp-image-8981 size-full\" title=\"okaza\u0142y d\u0105b w Parku Z\u0142otnickim\" src=\"https:\/\/www.pomniki-przyrody.pl\/wp-content\/uploads\/2015\/12\/okaza\u0142y-d\u0105b-w-Parku-Z\u0142otnickim.jpg\" alt=\"\" width=\"598\" height=\"900\" srcset=\"https:\/\/www.pomniki-przyrody.pl\/wp-content\/uploads\/2015\/12\/okaza\u0142y-d\u0105b-w-Parku-Z\u0142otnickim.jpg 598w, https:\/\/www.pomniki-przyrody.pl\/wp-content\/uploads\/2015\/12\/okaza\u0142y-d\u0105b-w-Parku-Z\u0142otnickim-199x300.jpg 199w\" sizes=\"auto, (max-width: 598px) 100vw, 598px\" \/><\/a><\/p>\n","protected":false},"excerpt":{"rendered":"<p>Kolejny wroc\u0142awski park opisywany na tym blogu znajduje si\u0119 w zachodniej cz\u0119\u015bci stolicy Dolnego \u015al\u0105ska, na osiedlu Z\u0142otniki. Obszar 20 ha za\u0142o\u017cenia parkowego ograniczaj\u0105 ulice Z\u0142otnicka, Soli\u0144ska, \u017bwirowa oraz (od po\u0142udnia) tory kolejowe. Na skraju parku, przy ul. \u017bwirowej, stoi &hellip; <a href=\"https:\/\/www.pomniki-przyrody.pl\/?p=8975\">Czytaj dalej <span class=\"meta-nav\">&rarr;<\/span><\/a><\/p>\n","protected":false},"author":2,"featured_media":0,"comment_status":"open","ping_status":"open","sticky":false,"template":"","format":"standard","meta":{"footnotes":""},"categories":[1],"tags":[1264,318,736,1265,1266],"class_list":["post-8975","post","type-post","status-publish","format-standard","hentry","category-przyroda-ozywiona","tag-park-zlotnicki","tag-pomnikowe-deby","tag-wroclaw","tag-zlotniki","tag-zlotniki-grodziska"],"_links":{"self":[{"href":"https:\/\/www.pomniki-przyrody.pl\/index.php?rest_route=\/wp\/v2\/posts\/8975","targetHints":{"allow":["GET"]}}],"collection":[{"href":"https:\/\/www.pomniki-przyrody.pl\/index.php?rest_route=\/wp\/v2\/posts"}],"about":[{"href":"https:\/\/www.pomniki-przyrody.pl\/index.php?rest_route=\/wp\/v2\/types\/post"}],"author":[{"embeddable":true,"href":"https:\/\/www.pomniki-przyrody.pl\/index.php?rest_route=\/wp\/v2\/users\/2"}],"replies":[{"embeddable":true,"href":"https:\/\/www.pomniki-przyrody.pl\/index.php?rest_route=%2Fwp%2Fv2%2Fcomments&post=8975"}],"version-history":[{"count":0,"href":"https:\/\/www.pomniki-przyrody.pl\/index.php?rest_route=\/wp\/v2\/posts\/8975\/revisions"}],"wp:attachment":[{"href":"https:\/\/www.pomniki-przyrody.pl\/index.php?rest_route=%2Fwp%2Fv2%2Fmedia&parent=8975"}],"wp:term":[{"taxonomy":"category","embeddable":true,"href":"https:\/\/www.pomniki-przyrody.pl\/index.php?rest_route=%2Fwp%2Fv2%2Fcategories&post=8975"},{"taxonomy":"post_tag","embeddable":true,"href":"https:\/\/www.pomniki-przyrody.pl\/index.php?rest_route=%2Fwp%2Fv2%2Ftags&post=8975"}],"curies":[{"name":"wp","href":"https:\/\/api.w.org\/{rel}","templated":true}]}}