{"id":9132,"date":"2016-01-28T23:22:03","date_gmt":"2016-01-28T22:22:03","guid":{"rendered":"http:\/\/www.pomniki-przyrody.pl\/?p=9132"},"modified":"2016-01-28T23:28:04","modified_gmt":"2016-01-28T22:28:04","slug":"dab-przy-dewizowej-w-gozdnicy","status":"publish","type":"post","link":"https:\/\/www.pomniki-przyrody.pl\/?p=9132","title":{"rendered":"&#8222;D\u0105b przy Dewizowej&#8221; w Gozdnicy."},"content":{"rendered":"<p>Gozdnica jest miastem po\u0142o\u017conym w po\u0142udniowo &#8211; zachodniej cz\u0119\u015bci wojew\u00f3dztwa lubuskiego, w powiecie \u017caga\u0144skim. Przy stosunkowo niewielkiej liczbie mieszka\u0144c\u00f3w (ok. 3400 os\u00f3b) powierzchnia miasta wynosi a\u017c 23,88 km\u00b2. Wi\u0119ksz\u0105 cz\u0119\u015b\u0107 tego obszaru (68%) zajmuj\u0105 lasy, wchodz\u0105ce w sk\u0142ad rozleg\u0142ego kompleksu Bor\u00f3w Dolno\u015bl\u0105skich. Nie przek\u0142ada si\u0119 to wcale na du\u017c\u0105 ilo\u015b\u0107 drzew obj\u0119tych ochron\u0105 pomnikow\u0105. Status pomnika przyrody posiada tylko okaz, jest nim d\u0105b szypu\u0142kowy o nazwie &#8222;D\u0105b przy Dewizowej&#8221;.<\/p>\n<p><a href=\"https:\/\/www.pomniki-przyrody.pl\/wp-content\/uploads\/2016\/01\/D\u0105b-przy-Dewizowej.jpg\" rel=\"attachment wp-att-9134\"><img loading=\"lazy\" decoding=\"async\" class=\"aligncenter wp-image-9134 size-full\" title=\"D\u0105b przy Dewizowej\" src=\"https:\/\/www.pomniki-przyrody.pl\/wp-content\/uploads\/2016\/01\/D\u0105b-przy-Dewizowej.jpg\" alt=\"\" width=\"598\" height=\"900\" srcset=\"https:\/\/www.pomniki-przyrody.pl\/wp-content\/uploads\/2016\/01\/D\u0105b-przy-Dewizowej.jpg 598w, https:\/\/www.pomniki-przyrody.pl\/wp-content\/uploads\/2016\/01\/D\u0105b-przy-Dewizowej-199x300.jpg 199w\" sizes=\"auto, (max-width: 598px) 100vw, 598px\" \/><\/a><\/p>\n<p>Drzewo ro\u015bnie przy le\u015bnym trakcie (&#8222;Dewizowa&#8221;), obok cieku wodnego, w oddziale 19i (Nadle\u015bnictwo Wymiarki), ok. 300 m na p\u00f3\u0142noc od rogu lotniska w Gozdnicy.<\/p>\n<p>GPS N 51\u00b028\u201906.02\u2033 , E 15\u00b006\u201916.86\u2033<\/p>\n<p><a href=\"https:\/\/www.pomniki-przyrody.pl\/wp-content\/uploads\/2016\/01\/pomnikowy-d\u0105b-w-Gozdnicy.jpg\" rel=\"attachment wp-att-9139\"><img loading=\"lazy\" decoding=\"async\" class=\"aligncenter wp-image-9139 size-full\" title=\"pomnikowy d\u0105b w Gozdnicy\" src=\"https:\/\/www.pomniki-przyrody.pl\/wp-content\/uploads\/2016\/01\/pomnikowy-d\u0105b-w-Gozdnicy.jpg\" alt=\"\" width=\"598\" height=\"900\" srcset=\"https:\/\/www.pomniki-przyrody.pl\/wp-content\/uploads\/2016\/01\/pomnikowy-d\u0105b-w-Gozdnicy.jpg 598w, https:\/\/www.pomniki-przyrody.pl\/wp-content\/uploads\/2016\/01\/pomnikowy-d\u0105b-w-Gozdnicy-199x300.jpg 199w\" sizes=\"auto, (max-width: 598px) 100vw, 598px\" \/><\/a><a href=\"https:\/\/www.pomniki-przyrody.pl\/wp-content\/uploads\/2016\/01\/pomnikowy-D\u0105b-przy-Dewizowej.jpg\" rel=\"attachment wp-att-9138\"><img loading=\"lazy\" decoding=\"async\" class=\"aligncenter wp-image-9138 size-full\" title=\"pomnikowy D\u0105b przy Dewizowej\" src=\"https:\/\/www.pomniki-przyrody.pl\/wp-content\/uploads\/2016\/01\/pomnikowy-D\u0105b-przy-Dewizowej.jpg\" alt=\"\" width=\"598\" height=\"900\" srcset=\"https:\/\/www.pomniki-przyrody.pl\/wp-content\/uploads\/2016\/01\/pomnikowy-D\u0105b-przy-Dewizowej.jpg 598w, https:\/\/www.pomniki-przyrody.pl\/wp-content\/uploads\/2016\/01\/pomnikowy-D\u0105b-przy-Dewizowej-199x300.jpg 199w\" sizes=\"auto, (max-width: 598px) 100vw, 598px\" \/><\/a><a href=\"https:\/\/www.pomniki-przyrody.pl\/wp-content\/uploads\/2016\/01\/D\u0105b-przy-Dewizowej-w-Gozdnicy.jpg\" rel=\"attachment wp-att-9133\"><img loading=\"lazy\" decoding=\"async\" class=\"aligncenter wp-image-9133 size-full\" title=\"D\u0105b przy Dewizowej w Gozdnicy\" src=\"https:\/\/www.pomniki-przyrody.pl\/wp-content\/uploads\/2016\/01\/D\u0105b-przy-Dewizowej-w-Gozdnicy.jpg\" alt=\"\" width=\"598\" height=\"900\" srcset=\"https:\/\/www.pomniki-przyrody.pl\/wp-content\/uploads\/2016\/01\/D\u0105b-przy-Dewizowej-w-Gozdnicy.jpg 598w, https:\/\/www.pomniki-przyrody.pl\/wp-content\/uploads\/2016\/01\/D\u0105b-przy-Dewizowej-w-Gozdnicy-199x300.jpg 199w\" sizes=\"auto, (max-width: 598px) 100vw, 598px\" \/><\/a><\/p>\n<p>Obw\u00f3d pomnikowego d\u0119bu wynosi 460 cm, wysoko\u015b\u0107 drzewa 20 metr\u00f3w. Szacowany wiek okazu to ok. 320 lat. D\u0105b powo\u0142ano do ochrony pomnikowej 27 grudnia 2012 r.<\/p>\n<p><a href=\"https:\/\/www.pomniki-przyrody.pl\/wp-content\/uploads\/2016\/01\/pie\u0144-pomnikowego-D\u0119bu-przy-Dewizowej.jpg\" rel=\"attachment wp-att-9136\"><img loading=\"lazy\" decoding=\"async\" class=\"aligncenter wp-image-9136 size-full\" title=\"pie\u0144 pomnikowego D\u0119bu przy Dewizowej\" src=\"https:\/\/www.pomniki-przyrody.pl\/wp-content\/uploads\/2016\/01\/pie\u0144-pomnikowego-D\u0119bu-przy-Dewizowej.jpg\" alt=\"\" width=\"532\" height=\"800\" srcset=\"https:\/\/www.pomniki-przyrody.pl\/wp-content\/uploads\/2016\/01\/pie\u0144-pomnikowego-D\u0119bu-przy-Dewizowej.jpg 532w, https:\/\/www.pomniki-przyrody.pl\/wp-content\/uploads\/2016\/01\/pie\u0144-pomnikowego-D\u0119bu-przy-Dewizowej-200x300.jpg 200w\" sizes=\"auto, (max-width: 532px) 100vw, 532px\" \/><\/a><a href=\"https:\/\/www.pomniki-przyrody.pl\/wp-content\/uploads\/2016\/01\/pie\u0144-D\u0119bu-przy-Dewizowej.jpg\" rel=\"attachment wp-att-9135\"><img loading=\"lazy\" decoding=\"async\" class=\"aligncenter wp-image-9135 size-full\" title=\"pie\u0144 D\u0119bu przy Dewizowej\" src=\"https:\/\/www.pomniki-przyrody.pl\/wp-content\/uploads\/2016\/01\/pie\u0144-D\u0119bu-przy-Dewizowej.jpg\" alt=\"\" width=\"532\" height=\"800\" srcset=\"https:\/\/www.pomniki-przyrody.pl\/wp-content\/uploads\/2016\/01\/pie\u0144-D\u0119bu-przy-Dewizowej.jpg 532w, https:\/\/www.pomniki-przyrody.pl\/wp-content\/uploads\/2016\/01\/pie\u0144-D\u0119bu-przy-Dewizowej-200x300.jpg 200w\" sizes=\"auto, (max-width: 532px) 100vw, 532px\" \/><\/a><a href=\"https:\/\/www.pomniki-przyrody.pl\/wp-content\/uploads\/2016\/01\/pie\u0144-pomnikowego-d\u0119bu-w-Gozdnicy.jpg\" rel=\"attachment wp-att-9137\"><img loading=\"lazy\" decoding=\"async\" class=\"aligncenter wp-image-9137 size-full\" title=\"pie\u0144 pomnikowego d\u0119bu w Gozdnicy\" src=\"https:\/\/www.pomniki-przyrody.pl\/wp-content\/uploads\/2016\/01\/pie\u0144-pomnikowego-d\u0119bu-w-Gozdnicy.jpg\" alt=\"\" width=\"598\" height=\"900\" srcset=\"https:\/\/www.pomniki-przyrody.pl\/wp-content\/uploads\/2016\/01\/pie\u0144-pomnikowego-d\u0119bu-w-Gozdnicy.jpg 598w, https:\/\/www.pomniki-przyrody.pl\/wp-content\/uploads\/2016\/01\/pie\u0144-pomnikowego-d\u0119bu-w-Gozdnicy-199x300.jpg 199w\" sizes=\"auto, (max-width: 598px) 100vw, 598px\" \/><\/a><\/p>\n","protected":false},"excerpt":{"rendered":"<p>Gozdnica jest miastem po\u0142o\u017conym w po\u0142udniowo &#8211; zachodniej cz\u0119\u015bci wojew\u00f3dztwa lubuskiego, w powiecie \u017caga\u0144skim. Przy stosunkowo niewielkiej liczbie mieszka\u0144c\u00f3w (ok. 3400 os\u00f3b) powierzchnia miasta wynosi a\u017c 23,88 km\u00b2. Wi\u0119ksz\u0105 cz\u0119\u015b\u0107 tego obszaru (68%) zajmuj\u0105 lasy, wchodz\u0105ce w sk\u0142ad rozleg\u0142ego kompleksu &hellip; <a href=\"https:\/\/www.pomniki-przyrody.pl\/?p=9132\">Czytaj dalej <span class=\"meta-nav\">&rarr;<\/span><\/a><\/p>\n","protected":false},"author":2,"featured_media":0,"comment_status":"open","ping_status":"open","sticky":false,"template":"","format":"standard","meta":{"footnotes":""},"categories":[1],"tags":[1284,1283,669,667],"class_list":["post-9132","post","type-post","status-publish","format-standard","hentry","category-przyroda-ozywiona","tag-dab-przy-dewizowej","tag-gozdnica","tag-lubuskie","tag-pomnikowy-dab"],"_links":{"self":[{"href":"https:\/\/www.pomniki-przyrody.pl\/index.php?rest_route=\/wp\/v2\/posts\/9132","targetHints":{"allow":["GET"]}}],"collection":[{"href":"https:\/\/www.pomniki-przyrody.pl\/index.php?rest_route=\/wp\/v2\/posts"}],"about":[{"href":"https:\/\/www.pomniki-przyrody.pl\/index.php?rest_route=\/wp\/v2\/types\/post"}],"author":[{"embeddable":true,"href":"https:\/\/www.pomniki-przyrody.pl\/index.php?rest_route=\/wp\/v2\/users\/2"}],"replies":[{"embeddable":true,"href":"https:\/\/www.pomniki-przyrody.pl\/index.php?rest_route=%2Fwp%2Fv2%2Fcomments&post=9132"}],"version-history":[{"count":0,"href":"https:\/\/www.pomniki-przyrody.pl\/index.php?rest_route=\/wp\/v2\/posts\/9132\/revisions"}],"wp:attachment":[{"href":"https:\/\/www.pomniki-przyrody.pl\/index.php?rest_route=%2Fwp%2Fv2%2Fmedia&parent=9132"}],"wp:term":[{"taxonomy":"category","embeddable":true,"href":"https:\/\/www.pomniki-przyrody.pl\/index.php?rest_route=%2Fwp%2Fv2%2Fcategories&post=9132"},{"taxonomy":"post_tag","embeddable":true,"href":"https:\/\/www.pomniki-przyrody.pl\/index.php?rest_route=%2Fwp%2Fv2%2Ftags&post=9132"}],"curies":[{"name":"wp","href":"https:\/\/api.w.org\/{rel}","templated":true}]}}