{"id":9790,"date":"2016-06-12T00:30:16","date_gmt":"2016-06-11T22:30:16","guid":{"rendered":"http:\/\/www.pomniki-przyrody.pl\/?p=9790"},"modified":"2021-04-06T11:17:21","modified_gmt":"2021-04-06T09:17:21","slug":"pomniki-przyrody-we-wsi-wegliny-gm-gubin-lubuskie","status":"publish","type":"post","link":"https:\/\/www.pomniki-przyrody.pl\/?p=9790","title":{"rendered":"Pomniki przyrody we wsi W\u0119gliny (gm. Gubin, lubuskie)."},"content":{"rendered":"<p>W\u0119gliny to niewielka wie\u015b po\u0142o\u017cona w wojew\u00f3dztwie lubuskim, w powiecie kro\u015bnie\u0144skim, w gminie Gubin (15 km na po\u0142udnie od Gubina). Otoczona mozaik\u0105 p\u00f3\u0142 uprawnych oraz las\u00f3w nie posiada znaczniejszych zabytk\u00f3w. Co zatem mo\u017ce przyci\u0105gn\u0105\u0107 turyst\u0119 zwiedzaj\u0105cego te okolice? Bogactwo przyrody, a \u015bci\u015blej du\u017ca ilo\u015b\u0107 nieprzeci\u0119tnych pomnik\u00f3w przyrody. Do tych najciekawszych nale\u017cy ogromny d\u0105b szypu\u0142kowy &#8211; najstarszy w gminie, rosn\u0105cy w zagajniku porastaj\u0105cym wzg\u00f3rze na p\u00f3\u0142noc od wsi (na prawo od drogi do Luboszyc, Wielotowa).<\/p>\n<p>GPS\u00a0N 51\u00b049\u201934\u201d , E 14\u00b043\u201921\u201d<\/p>\n<p><a href=\"https:\/\/www.pomniki-przyrody.pl\/wp-content\/uploads\/2016\/05\/W\u0119gliny-pomnikowy-d\u0105b-o-obwodzie-764-cm.jpg\" rel=\"attachment wp-att-9809\"><img loading=\"lazy\" decoding=\"async\" class=\"aligncenter wp-image-9809 size-full\" title=\"W\u0119gliny - pomnikowy d\u0105b o obwodzie 764 cm\" src=\"https:\/\/www.pomniki-przyrody.pl\/wp-content\/uploads\/2016\/05\/W\u0119gliny-pomnikowy-d\u0105b-o-obwodzie-764-cm.jpg\" alt=\"\" width=\"565\" height=\"850\" srcset=\"https:\/\/www.pomniki-przyrody.pl\/wp-content\/uploads\/2016\/05\/W\u0119gliny-pomnikowy-d\u0105b-o-obwodzie-764-cm.jpg 565w, https:\/\/www.pomniki-przyrody.pl\/wp-content\/uploads\/2016\/05\/W\u0119gliny-pomnikowy-d\u0105b-o-obwodzie-764-cm-199x300.jpg 199w\" sizes=\"auto, (max-width: 565px) 100vw, 565px\" \/><\/a><\/p>\n<p>Drzewo mierzy w obwodzie a\u017c 764 cm, szacunkowy wiek ok. 400 lat.<\/p>\n<p><a href=\"https:\/\/www.pomniki-przyrody.pl\/wp-content\/uploads\/2016\/05\/Pomnikowy-d\u0105b-w-W\u0119glinach-obw\u00f3d-764-cm.jpg\" rel=\"attachment wp-att-9794\"><img loading=\"lazy\" decoding=\"async\" class=\"aligncenter wp-image-9794 size-full\" title=\"Pomnikowy d\u0105b w W\u0119glinach - obw\u00f3d 764 cm\" src=\"https:\/\/www.pomniki-przyrody.pl\/wp-content\/uploads\/2016\/05\/Pomnikowy-d\u0105b-w-W\u0119glinach-obw\u00f3d-764-cm.jpg\" alt=\"\" width=\"565\" height=\"850\" srcset=\"https:\/\/www.pomniki-przyrody.pl\/wp-content\/uploads\/2016\/05\/Pomnikowy-d\u0105b-w-W\u0119glinach-obw\u00f3d-764-cm.jpg 565w, https:\/\/www.pomniki-przyrody.pl\/wp-content\/uploads\/2016\/05\/Pomnikowy-d\u0105b-w-W\u0119glinach-obw\u00f3d-764-cm-199x300.jpg 199w\" sizes=\"auto, (max-width: 565px) 100vw, 565px\" \/><\/a><a href=\"https:\/\/www.pomniki-przyrody.pl\/wp-content\/uploads\/2016\/05\/W\u0119gliny-pie\u0144-400-letniego-d\u0119bu.jpg\" rel=\"attachment wp-att-9802\"><img loading=\"lazy\" decoding=\"async\" class=\"aligncenter wp-image-9802 size-full\" title=\"W\u0119gliny - pie\u0144 400-letniego d\u0119bu\" src=\"https:\/\/www.pomniki-przyrody.pl\/wp-content\/uploads\/2016\/05\/W\u0119gliny-pie\u0144-400-letniego-d\u0119bu.jpg\" alt=\"\" width=\"850\" height=\"565\" srcset=\"https:\/\/www.pomniki-przyrody.pl\/wp-content\/uploads\/2016\/05\/W\u0119gliny-pie\u0144-400-letniego-d\u0119bu.jpg 850w, https:\/\/www.pomniki-przyrody.pl\/wp-content\/uploads\/2016\/05\/W\u0119gliny-pie\u0144-400-letniego-d\u0119bu-300x199.jpg 300w, https:\/\/www.pomniki-przyrody.pl\/wp-content\/uploads\/2016\/05\/W\u0119gliny-pie\u0144-400-letniego-d\u0119bu-768x510.jpg 768w, https:\/\/www.pomniki-przyrody.pl\/wp-content\/uploads\/2016\/05\/W\u0119gliny-pie\u0144-400-letniego-d\u0119bu-451x300.jpg 451w\" sizes=\"auto, (max-width: 850px) 100vw, 850px\" \/><\/a><a href=\"https:\/\/www.pomniki-przyrody.pl\/wp-content\/uploads\/2016\/05\/W\u0119gliny-pie\u0144-pomnikowego-d\u0119bu-o-obwodzie-764-cm.jpg\" rel=\"attachment wp-att-9804\"><img loading=\"lazy\" decoding=\"async\" class=\"aligncenter wp-image-9804 size-full\" title=\"W\u0119gliny - pie\u0144 pomnikowego d\u0119bu o obwodzie 764 cm\" src=\"https:\/\/www.pomniki-przyrody.pl\/wp-content\/uploads\/2016\/05\/W\u0119gliny-pie\u0144-pomnikowego-d\u0119bu-o-obwodzie-764-cm.jpg\" alt=\"\" width=\"850\" height=\"565\" srcset=\"https:\/\/www.pomniki-przyrody.pl\/wp-content\/uploads\/2016\/05\/W\u0119gliny-pie\u0144-pomnikowego-d\u0119bu-o-obwodzie-764-cm.jpg 850w, https:\/\/www.pomniki-przyrody.pl\/wp-content\/uploads\/2016\/05\/W\u0119gliny-pie\u0144-pomnikowego-d\u0119bu-o-obwodzie-764-cm-300x199.jpg 300w, https:\/\/www.pomniki-przyrody.pl\/wp-content\/uploads\/2016\/05\/W\u0119gliny-pie\u0144-pomnikowego-d\u0119bu-o-obwodzie-764-cm-768x510.jpg 768w, https:\/\/www.pomniki-przyrody.pl\/wp-content\/uploads\/2016\/05\/W\u0119gliny-pie\u0144-pomnikowego-d\u0119bu-o-obwodzie-764-cm-451x300.jpg 451w\" sizes=\"auto, (max-width: 850px) 100vw, 850px\" \/><\/a><\/p>\n<p>W centrum wsi, naprzeciw budynku nr 30, ro\u015bnie olbrzymi okaz wi\u0105zu szypu\u0142kowego o wysoko\u015bci 16,5 m. Jego obw\u00f3d wynosi a\u017c\u00a0<strong>850<\/strong> cm, wi\u0119c niewiele ust\u0119puje najstarszemu &#8222;<span style=\"color: #0000ff;\"><a style=\"color: #0000ff;\" href=\"https:\/\/www.pomniki-przyrody.pl\/?p=6826\">Wied\u017aminowi<\/a><\/span>&#8221; (940 cm, 400 lat, Komor\u00f3w, gm. Gubin). <span style=\"color: #ff0000;\">Na mocy Uchwa\u0142y nr<\/span> <span style=\"color: #ff0000;\">XXII\/142\/2020 Rady Gminy Gubin<\/span> <span style=\"color: #ff0000;\">z dnia 27 listopada 2020 r. drzewo uzyska\u0142o status pomnika przyrody, r\u00f3wnocze\u015bnie nadano mu<\/span> <span style=\"color: #ff0000;\">nazw\u0119 \u201eMISTRZ KRABAT\u201d.<\/span><\/p>\n<p>GPS\u00a0N 51\u00b049\u201927\u201d , E 14\u00b043\u201919\u201d<\/p>\n<p><a href=\"https:\/\/www.pomniki-przyrody.pl\/wp-content\/uploads\/2016\/05\/s\u0119dziwy-wi\u0105z-w-W\u0119glinach.jpg\" rel=\"attachment wp-att-9797\"><img loading=\"lazy\" decoding=\"async\" class=\"aligncenter wp-image-9797 size-full\" title=\"s\u0119dziwy wi\u0105z w W\u0119glinach\" src=\"https:\/\/www.pomniki-przyrody.pl\/wp-content\/uploads\/2016\/05\/s\u0119dziwy-wi\u0105z-w-W\u0119glinach.jpg\" alt=\"\" width=\"565\" height=\"850\" srcset=\"https:\/\/www.pomniki-przyrody.pl\/wp-content\/uploads\/2016\/05\/s\u0119dziwy-wi\u0105z-w-W\u0119glinach.jpg 565w, https:\/\/www.pomniki-przyrody.pl\/wp-content\/uploads\/2016\/05\/s\u0119dziwy-wi\u0105z-w-W\u0119glinach-199x300.jpg 199w\" sizes=\"auto, (max-width: 565px) 100vw, 565px\" \/><\/a><\/p>\n<p>Szacunkowy wiek tego okazu to ok. 350 lat. Mimo s\u0119dziwego jak na wi\u0105z wieku, drzewo odznacza si\u0119 dobrym stanem zdrowotnym.<\/p>\n<p><a href=\"https:\/\/www.pomniki-przyrody.pl\/wp-content\/uploads\/2016\/05\/pie\u0144-s\u0119dziwego-wi\u0105zu-w-W\u0119glinach.jpg\" rel=\"attachment wp-att-9793\"><img loading=\"lazy\" decoding=\"async\" class=\"aligncenter wp-image-9793 size-full\" title=\"pie\u0144 s\u0119dziwego wi\u0105zu w W\u0119glinach\" src=\"https:\/\/www.pomniki-przyrody.pl\/wp-content\/uploads\/2016\/05\/pie\u0144-s\u0119dziwego-wi\u0105zu-w-W\u0119glinach.jpg\" alt=\"\" width=\"565\" height=\"850\" srcset=\"https:\/\/www.pomniki-przyrody.pl\/wp-content\/uploads\/2016\/05\/pie\u0144-s\u0119dziwego-wi\u0105zu-w-W\u0119glinach.jpg 565w, https:\/\/www.pomniki-przyrody.pl\/wp-content\/uploads\/2016\/05\/pie\u0144-s\u0119dziwego-wi\u0105zu-w-W\u0119glinach-199x300.jpg 199w\" sizes=\"auto, (max-width: 565px) 100vw, 565px\" \/><\/a><a href=\"https:\/\/www.pomniki-przyrody.pl\/wp-content\/uploads\/2016\/05\/W\u0119gliny-pie\u0144-s\u0119dziwego-wi\u0105zu.jpg\" rel=\"attachment wp-att-9805\"><img loading=\"lazy\" decoding=\"async\" class=\"aligncenter wp-image-9805 size-full\" title=\"W\u0119gliny - pie\u0144 s\u0119dziwego wi\u0105zu\" src=\"https:\/\/www.pomniki-przyrody.pl\/wp-content\/uploads\/2016\/05\/W\u0119gliny-pie\u0144-s\u0119dziwego-wi\u0105zu.jpg\" alt=\"\" width=\"565\" height=\"850\" srcset=\"https:\/\/www.pomniki-przyrody.pl\/wp-content\/uploads\/2016\/05\/W\u0119gliny-pie\u0144-s\u0119dziwego-wi\u0105zu.jpg 565w, https:\/\/www.pomniki-przyrody.pl\/wp-content\/uploads\/2016\/05\/W\u0119gliny-pie\u0144-s\u0119dziwego-wi\u0105zu-199x300.jpg 199w\" sizes=\"auto, (max-width: 565px) 100vw, 565px\" \/><\/a><\/p>\n<p>W lesie (oddz. 219a), na prawo od drogi do Kumia\u0142towic, ro\u015bnie pomnikowy d\u0105b szypu\u0142kowy o obwodzie 470 cm.<\/p>\n<p>GPS N 51\u00b049\u201915\u201d , E 14\u00b043\u201930\u201d<\/p>\n<p><a href=\"https:\/\/www.pomniki-przyrody.pl\/wp-content\/uploads\/2016\/05\/W\u0119gliny-pomnikowy-d\u0105b-o-obwodzie-470-cm.jpg\" rel=\"attachment wp-att-9808\"><img loading=\"lazy\" decoding=\"async\" class=\"aligncenter wp-image-9808 size-full\" title=\"W\u0119gliny - pomnikowy d\u0105b o obwodzie 470 cm\" src=\"https:\/\/www.pomniki-przyrody.pl\/wp-content\/uploads\/2016\/05\/W\u0119gliny-pomnikowy-d\u0105b-o-obwodzie-470-cm.jpg\" alt=\"\" width=\"565\" height=\"850\" srcset=\"https:\/\/www.pomniki-przyrody.pl\/wp-content\/uploads\/2016\/05\/W\u0119gliny-pomnikowy-d\u0105b-o-obwodzie-470-cm.jpg 565w, https:\/\/www.pomniki-przyrody.pl\/wp-content\/uploads\/2016\/05\/W\u0119gliny-pomnikowy-d\u0105b-o-obwodzie-470-cm-199x300.jpg 199w\" sizes=\"auto, (max-width: 565px) 100vw, 565px\" \/><\/a><a href=\"https:\/\/www.pomniki-przyrody.pl\/wp-content\/uploads\/2016\/05\/W\u0119gliny-pie\u0144-pomnikowego-d\u0119bu-o-obwodzie-470-cm.jpg\" rel=\"attachment wp-att-9803\"><img loading=\"lazy\" decoding=\"async\" class=\"aligncenter wp-image-9803 size-full\" title=\"W\u0119gliny - pie\u0144 pomnikowego d\u0119bu o obwodzie 470 cm\" src=\"https:\/\/www.pomniki-przyrody.pl\/wp-content\/uploads\/2016\/05\/W\u0119gliny-pie\u0144-pomnikowego-d\u0119bu-o-obwodzie-470-cm.jpg\" alt=\"\" width=\"565\" height=\"850\" srcset=\"https:\/\/www.pomniki-przyrody.pl\/wp-content\/uploads\/2016\/05\/W\u0119gliny-pie\u0144-pomnikowego-d\u0119bu-o-obwodzie-470-cm.jpg 565w, https:\/\/www.pomniki-przyrody.pl\/wp-content\/uploads\/2016\/05\/W\u0119gliny-pie\u0144-pomnikowego-d\u0119bu-o-obwodzie-470-cm-199x300.jpg 199w\" sizes=\"auto, (max-width: 565px) 100vw, 565px\" \/><\/a><a href=\"https:\/\/www.pomniki-przyrody.pl\/wp-content\/uploads\/2016\/05\/pie\u0144-pomnikowego-d\u0119bu-k.-wsi-W\u0119gliny.jpg\" rel=\"attachment wp-att-9792\"><img loading=\"lazy\" decoding=\"async\" class=\"aligncenter wp-image-9792 size-full\" title=\"pie\u0144 pomnikowego d\u0119bu k. wsi W\u0119gliny\" src=\"https:\/\/www.pomniki-przyrody.pl\/wp-content\/uploads\/2016\/05\/pie\u0144-pomnikowego-d\u0119bu-k.-wsi-W\u0119gliny.jpg\" alt=\"\" width=\"565\" height=\"850\" srcset=\"https:\/\/www.pomniki-przyrody.pl\/wp-content\/uploads\/2016\/05\/pie\u0144-pomnikowego-d\u0119bu-k.-wsi-W\u0119gliny.jpg 565w, https:\/\/www.pomniki-przyrody.pl\/wp-content\/uploads\/2016\/05\/pie\u0144-pomnikowego-d\u0119bu-k.-wsi-W\u0119gliny-199x300.jpg 199w\" sizes=\"auto, (max-width: 565px) 100vw, 565px\" \/><\/a><\/p>\n<p>Ciekawe jest otoczenie tego d\u0119bu &#8211; to zabagniony teren z wieloma s\u0119dziwymi d\u0119bami i ro\u015blinno\u015bci\u0105 typow\u0105 dla teren\u00f3w podmok\u0142ych. O wyj\u0105tkowo\u015bci tego miejsca \u015bwiadczy tablica opisuj\u0105ca ten teren jako powierzchniowy pomnik przyrody (cho\u0107 nie znalaz\u0142em nigdzie podstawy prawnej).<\/p>\n<p><a href=\"https:\/\/www.pomniki-przyrody.pl\/wp-content\/uploads\/2016\/05\/Powierzchniowy-pomnik-przyrody-w-W\u0119glinach.jpg\" rel=\"attachment wp-att-9795\"><img loading=\"lazy\" decoding=\"async\" class=\"aligncenter wp-image-9795 size-full\" title=\"Powierzchniowy pomnik przyrody w W\u0119glinach\" src=\"https:\/\/www.pomniki-przyrody.pl\/wp-content\/uploads\/2016\/05\/Powierzchniowy-pomnik-przyrody-w-W\u0119glinach.jpg\" alt=\"\" width=\"850\" height=\"565\" srcset=\"https:\/\/www.pomniki-przyrody.pl\/wp-content\/uploads\/2016\/05\/Powierzchniowy-pomnik-przyrody-w-W\u0119glinach.jpg 850w, https:\/\/www.pomniki-przyrody.pl\/wp-content\/uploads\/2016\/05\/Powierzchniowy-pomnik-przyrody-w-W\u0119glinach-300x199.jpg 300w, https:\/\/www.pomniki-przyrody.pl\/wp-content\/uploads\/2016\/05\/Powierzchniowy-pomnik-przyrody-w-W\u0119glinach-768x510.jpg 768w, https:\/\/www.pomniki-przyrody.pl\/wp-content\/uploads\/2016\/05\/Powierzchniowy-pomnik-przyrody-w-W\u0119glinach-451x300.jpg 451w\" sizes=\"auto, (max-width: 850px) 100vw, 850px\" \/><\/a><a href=\"https:\/\/www.pomniki-przyrody.pl\/wp-content\/uploads\/2016\/05\/s\u0119dziwe-d\u0119by-k.-W\u0119glin.jpg\" rel=\"attachment wp-att-9796\"><img loading=\"lazy\" decoding=\"async\" class=\"aligncenter wp-image-9796 size-full\" title=\"s\u0119dziwe d\u0119by k. W\u0119glin\" src=\"https:\/\/www.pomniki-przyrody.pl\/wp-content\/uploads\/2016\/05\/s\u0119dziwe-d\u0119by-k.-W\u0119glin.jpg\" alt=\"\" width=\"565\" height=\"850\" srcset=\"https:\/\/www.pomniki-przyrody.pl\/wp-content\/uploads\/2016\/05\/s\u0119dziwe-d\u0119by-k.-W\u0119glin.jpg 565w, https:\/\/www.pomniki-przyrody.pl\/wp-content\/uploads\/2016\/05\/s\u0119dziwe-d\u0119by-k.-W\u0119glin-199x300.jpg 199w\" sizes=\"auto, (max-width: 565px) 100vw, 565px\" \/><\/a><a href=\"https:\/\/www.pomniki-przyrody.pl\/wp-content\/uploads\/2016\/05\/fragment-zabagnionego-lasu-k.-wsi-W\u0119gliny.jpg\" rel=\"attachment wp-att-9791\"><img loading=\"lazy\" decoding=\"async\" class=\"aligncenter wp-image-9791 size-full\" title=\"fragment zabagnionego lasu k. wsi W\u0119gliny\" src=\"https:\/\/www.pomniki-przyrody.pl\/wp-content\/uploads\/2016\/05\/fragment-zabagnionego-lasu-k.-wsi-W\u0119gliny.jpg\" alt=\"\" width=\"850\" height=\"565\" srcset=\"https:\/\/www.pomniki-przyrody.pl\/wp-content\/uploads\/2016\/05\/fragment-zabagnionego-lasu-k.-wsi-W\u0119gliny.jpg 850w, https:\/\/www.pomniki-przyrody.pl\/wp-content\/uploads\/2016\/05\/fragment-zabagnionego-lasu-k.-wsi-W\u0119gliny-300x199.jpg 300w, https:\/\/www.pomniki-przyrody.pl\/wp-content\/uploads\/2016\/05\/fragment-zabagnionego-lasu-k.-wsi-W\u0119gliny-768x510.jpg 768w, https:\/\/www.pomniki-przyrody.pl\/wp-content\/uploads\/2016\/05\/fragment-zabagnionego-lasu-k.-wsi-W\u0119gliny-451x300.jpg 451w\" sizes=\"auto, (max-width: 850px) 100vw, 850px\" \/><\/a><\/p>\n<p>Fragment drogi do rezerwatu &#8222;Uroczysko W\u0119gli\u0144skie&#8221; i dalej do Mielna obsadzony jest d\u0119bami w wieku 200 &#8211; 300 lat. 400 &#8211; metrowa aleja 53 d\u0119b\u00f3w szypu\u0142kowych chroniona jest jako pomnik przyrody.<\/p>\n<p>GPS N 51\u00b048\u201954\u201d , E 14\u00b042\u201949\u201d (pocz\u0105tek)<\/p>\n<p><a href=\"https:\/\/www.pomniki-przyrody.pl\/wp-content\/uploads\/2016\/05\/W\u0119gliny-pomnikowa-aleja.jpg\" rel=\"attachment wp-att-9807\"><img loading=\"lazy\" decoding=\"async\" class=\"aligncenter wp-image-9807 size-full\" title=\"W\u0119gliny - pomnikowa aleja\" src=\"https:\/\/www.pomniki-przyrody.pl\/wp-content\/uploads\/2016\/05\/W\u0119gliny-pomnikowa-aleja.jpg\" alt=\"\" width=\"565\" height=\"850\" srcset=\"https:\/\/www.pomniki-przyrody.pl\/wp-content\/uploads\/2016\/05\/W\u0119gliny-pomnikowa-aleja.jpg 565w, https:\/\/www.pomniki-przyrody.pl\/wp-content\/uploads\/2016\/05\/W\u0119gliny-pomnikowa-aleja-199x300.jpg 199w\" sizes=\"auto, (max-width: 565px) 100vw, 565px\" \/><\/a><\/p>\n<p><a href=\"https:\/\/www.pomniki-przyrody.pl\/wp-content\/uploads\/2016\/05\/W\u0119gliny-d\u0119by-w-pomnikowej-alei.jpg\" rel=\"attachment wp-att-9800\"><img loading=\"lazy\" decoding=\"async\" class=\"aligncenter wp-image-9800 size-full\" title=\"W\u0119gliny - d\u0119by w pomnikowej alei\" src=\"https:\/\/www.pomniki-przyrody.pl\/wp-content\/uploads\/2016\/05\/W\u0119gliny-d\u0119by-w-pomnikowej-alei.jpg\" alt=\"\" width=\"850\" height=\"565\" srcset=\"https:\/\/www.pomniki-przyrody.pl\/wp-content\/uploads\/2016\/05\/W\u0119gliny-d\u0119by-w-pomnikowej-alei.jpg 850w, https:\/\/www.pomniki-przyrody.pl\/wp-content\/uploads\/2016\/05\/W\u0119gliny-d\u0119by-w-pomnikowej-alei-300x199.jpg 300w, https:\/\/www.pomniki-przyrody.pl\/wp-content\/uploads\/2016\/05\/W\u0119gliny-d\u0119by-w-pomnikowej-alei-768x510.jpg 768w, https:\/\/www.pomniki-przyrody.pl\/wp-content\/uploads\/2016\/05\/W\u0119gliny-d\u0119by-w-pomnikowej-alei-451x300.jpg 451w\" sizes=\"auto, (max-width: 850px) 100vw, 850px\" \/><\/a><a href=\"https:\/\/www.pomniki-przyrody.pl\/wp-content\/uploads\/2016\/05\/W\u0119gliny-pomnikowa-aleja-d\u0119bowa.jpg\" rel=\"attachment wp-att-9806\"><img loading=\"lazy\" decoding=\"async\" class=\"aligncenter wp-image-9806 size-full\" title=\"W\u0119gliny - pomnikowa aleja d\u0119bowa\" src=\"https:\/\/www.pomniki-przyrody.pl\/wp-content\/uploads\/2016\/05\/W\u0119gliny-pomnikowa-aleja-d\u0119bowa.jpg\" alt=\"\" width=\"565\" height=\"850\" srcset=\"https:\/\/www.pomniki-przyrody.pl\/wp-content\/uploads\/2016\/05\/W\u0119gliny-pomnikowa-aleja-d\u0119bowa.jpg 565w, https:\/\/www.pomniki-przyrody.pl\/wp-content\/uploads\/2016\/05\/W\u0119gliny-pomnikowa-aleja-d\u0119bowa-199x300.jpg 199w\" sizes=\"auto, (max-width: 565px) 100vw, 565px\" \/><\/a><\/p>\n<p>Obw\u00f3d d\u0119b\u00f3w w alei 80 &#8211; 300 cm, wysoko\u015b\u0107 20 &#8211; 28 m. Cz\u0119\u015b\u0107 drzew jest uschni\u0119ta, na kilku wida\u0107 \u015blady \u017cerowania kozioroga d\u0119bosza.<\/p>\n<p><a href=\"https:\/\/www.pomniki-przyrody.pl\/wp-content\/uploads\/2016\/05\/W\u0119gliny-fragment-pomnikowej-alei.jpg\" rel=\"attachment wp-att-9801\"><img loading=\"lazy\" decoding=\"async\" class=\"aligncenter wp-image-9801 size-full\" title=\"W\u0119gliny - fragment pomnikowej alei\" src=\"https:\/\/www.pomniki-przyrody.pl\/wp-content\/uploads\/2016\/05\/W\u0119gliny-fragment-pomnikowej-alei.jpg\" alt=\"\" width=\"850\" height=\"565\" srcset=\"https:\/\/www.pomniki-przyrody.pl\/wp-content\/uploads\/2016\/05\/W\u0119gliny-fragment-pomnikowej-alei.jpg 850w, https:\/\/www.pomniki-przyrody.pl\/wp-content\/uploads\/2016\/05\/W\u0119gliny-fragment-pomnikowej-alei-300x199.jpg 300w, https:\/\/www.pomniki-przyrody.pl\/wp-content\/uploads\/2016\/05\/W\u0119gliny-fragment-pomnikowej-alei-768x510.jpg 768w, https:\/\/www.pomniki-przyrody.pl\/wp-content\/uploads\/2016\/05\/W\u0119gliny-fragment-pomnikowej-alei-451x300.jpg 451w\" sizes=\"auto, (max-width: 850px) 100vw, 850px\" \/><\/a><a href=\"https:\/\/www.pomniki-przyrody.pl\/wp-content\/uploads\/2016\/05\/W\u0119gliny-aleja-pomnikowych-d\u0119b\u00f3w.jpg\" rel=\"attachment wp-att-9799\"><img loading=\"lazy\" decoding=\"async\" class=\"aligncenter wp-image-9799 size-full\" title=\"W\u0119gliny - aleja pomnikowych d\u0119b\u00f3w\" src=\"https:\/\/www.pomniki-przyrody.pl\/wp-content\/uploads\/2016\/05\/W\u0119gliny-aleja-pomnikowych-d\u0119b\u00f3w.jpg\" alt=\"\" width=\"850\" height=\"565\" srcset=\"https:\/\/www.pomniki-przyrody.pl\/wp-content\/uploads\/2016\/05\/W\u0119gliny-aleja-pomnikowych-d\u0119b\u00f3w.jpg 850w, https:\/\/www.pomniki-przyrody.pl\/wp-content\/uploads\/2016\/05\/W\u0119gliny-aleja-pomnikowych-d\u0119b\u00f3w-300x199.jpg 300w, https:\/\/www.pomniki-przyrody.pl\/wp-content\/uploads\/2016\/05\/W\u0119gliny-aleja-pomnikowych-d\u0119b\u00f3w-768x510.jpg 768w, https:\/\/www.pomniki-przyrody.pl\/wp-content\/uploads\/2016\/05\/W\u0119gliny-aleja-pomnikowych-d\u0119b\u00f3w-451x300.jpg 451w\" sizes=\"auto, (max-width: 850px) 100vw, 850px\" \/><\/a><a href=\"https:\/\/www.pomniki-przyrody.pl\/wp-content\/uploads\/2016\/05\/W\u0119gliny-aleja-pomnikowych-d\u0119b\u00f3w-szypu\u0142kowych.jpg\" rel=\"attachment wp-att-9798\"><img loading=\"lazy\" decoding=\"async\" class=\"aligncenter wp-image-9798 size-full\" title=\"W\u0119gliny - aleja pomnikowych d\u0119b\u00f3w szypu\u0142kowych\" src=\"https:\/\/www.pomniki-przyrody.pl\/wp-content\/uploads\/2016\/05\/W\u0119gliny-aleja-pomnikowych-d\u0119b\u00f3w-szypu\u0142kowych.jpg\" alt=\"\" width=\"565\" height=\"850\" srcset=\"https:\/\/www.pomniki-przyrody.pl\/wp-content\/uploads\/2016\/05\/W\u0119gliny-aleja-pomnikowych-d\u0119b\u00f3w-szypu\u0142kowych.jpg 565w, https:\/\/www.pomniki-przyrody.pl\/wp-content\/uploads\/2016\/05\/W\u0119gliny-aleja-pomnikowych-d\u0119b\u00f3w-szypu\u0142kowych-199x300.jpg 199w\" sizes=\"auto, (max-width: 565px) 100vw, 565px\" \/><\/a><\/p>\n<p>Szkoda, \u017ce tak cenne okazy nie zosta\u0142y w \u017caden spos\u00f3b oznakowane. Opr\u00f3cz typowych tabliczek na pniu, warto by na miejscu ustawi\u0107 tablic\u0119 z map\u0105 i opisem pomnikowych obiekt\u00f3w. Takie rozwi\u0105zania s\u0105 ju\u017c powszechne z wielu miejscowo\u015bciach woj. lubuskiego.<\/p>\n","protected":false},"excerpt":{"rendered":"<p>W\u0119gliny to niewielka wie\u015b po\u0142o\u017cona w wojew\u00f3dztwie lubuskim, w powiecie kro\u015bnie\u0144skim, w gminie Gubin (15 km na po\u0142udnie od Gubina). Otoczona mozaik\u0105 p\u00f3\u0142 uprawnych oraz las\u00f3w nie posiada znaczniejszych zabytk\u00f3w. Co zatem mo\u017ce przyci\u0105gn\u0105\u0107 turyst\u0119 zwiedzaj\u0105cego te okolice? Bogactwo przyrody, &hellip; <a href=\"https:\/\/www.pomniki-przyrody.pl\/?p=9790\">Czytaj dalej <span class=\"meta-nav\">&rarr;<\/span><\/a><\/p>\n","protected":false},"author":2,"featured_media":0,"comment_status":"open","ping_status":"open","sticky":false,"template":"","format":"standard","meta":{"footnotes":""},"categories":[1],"tags":[43,1028,816,667,1361,1362],"class_list":["post-9790","post","type-post","status-publish","format-standard","hentry","category-przyroda-ozywiona","tag-aleja-debowa","tag-gmina-gubin","tag-pomnikowa-aleja","tag-pomnikowy-dab","tag-wegliny","tag-wiaz"],"_links":{"self":[{"href":"https:\/\/www.pomniki-przyrody.pl\/index.php?rest_route=\/wp\/v2\/posts\/9790","targetHints":{"allow":["GET"]}}],"collection":[{"href":"https:\/\/www.pomniki-przyrody.pl\/index.php?rest_route=\/wp\/v2\/posts"}],"about":[{"href":"https:\/\/www.pomniki-przyrody.pl\/index.php?rest_route=\/wp\/v2\/types\/post"}],"author":[{"embeddable":true,"href":"https:\/\/www.pomniki-przyrody.pl\/index.php?rest_route=\/wp\/v2\/users\/2"}],"replies":[{"embeddable":true,"href":"https:\/\/www.pomniki-przyrody.pl\/index.php?rest_route=%2Fwp%2Fv2%2Fcomments&post=9790"}],"version-history":[{"count":6,"href":"https:\/\/www.pomniki-przyrody.pl\/index.php?rest_route=\/wp\/v2\/posts\/9790\/revisions"}],"predecessor-version":[{"id":15557,"href":"https:\/\/www.pomniki-przyrody.pl\/index.php?rest_route=\/wp\/v2\/posts\/9790\/revisions\/15557"}],"wp:attachment":[{"href":"https:\/\/www.pomniki-przyrody.pl\/index.php?rest_route=%2Fwp%2Fv2%2Fmedia&parent=9790"}],"wp:term":[{"taxonomy":"category","embeddable":true,"href":"https:\/\/www.pomniki-przyrody.pl\/index.php?rest_route=%2Fwp%2Fv2%2Fcategories&post=9790"},{"taxonomy":"post_tag","embeddable":true,"href":"https:\/\/www.pomniki-przyrody.pl\/index.php?rest_route=%2Fwp%2Fv2%2Ftags&post=9790"}],"curies":[{"name":"wp","href":"https:\/\/api.w.org\/{rel}","templated":true}]}}